{"id":26827,"date":"2012-04-18T15:16:18","date_gmt":"2012-04-18T15:16:18","guid":{"rendered":"https:\/\/obscom.intervozes.org.br\/wordpress\/?p=26827"},"modified":"2012-04-18T15:16:18","modified_gmt":"2012-04-18T15:16:18","slug":"em-audiencia-publica-representante-do-governo-afirma-querer-aprovacao-ainda-em-2012","status":"publish","type":"post","link":"https:\/\/obscom.intervozes.org.br\/?p=26827","title":{"rendered":"Em audi\u00eancia p\u00fablica, representante do governo afirma querer aprova\u00e7\u00e3o ainda em 2012"},"content":{"rendered":"<p><span class=\"padrao\">Foi realizada nesta ter&ccedil;a-feira (16), em Bras&iacute;lia, a primeira audi&ecirc;ncia p&uacute;blica que debate o Marco Civil da Internet. O secret&aacute;rio de Assuntos Legislativos do Minist&eacute;rio da Justi&ccedil;a, Marivaldo de Castro Pereira, afirmou que espera a aprova&ccedil;&atilde;o do projeto ainda para 2012. Ele ainda disse que o Marco Civil da Internet &eacute; &ldquo;priorit&aacute;rio para o governo&rdquo;.<\/p>\n<p>Na avalia&ccedil;&atilde;o de Pereira, o marco legal deve deixar claro os princ&iacute;pios, conceitos, direitos e responsabilidades dos atores na rede, pois a falta de legisla&ccedil;&atilde;o tem levado a decis&otilde;es judiciais desconexas. Segundo ele, isso cria um clima de inseguran&ccedil;a para os usu&aacute;rios e prejudica novos neg&oacute;cios.<\/p>\n<p>Al&eacute;m disso, para Pereira, &ldquo;&eacute; importante que a discuss&atilde;o aqui na comiss&atilde;o especial fique focada no marco civil da internet&rdquo;. A discuss&atilde;o de temas que ficaram de fora da proposta, como direitos autorais na Internet, spam e certifica&ccedil;&atilde;o digital, devem ser debatidos ap&oacute;s a aprova&ccedil;&atilde;o do Marco Civil da Internet.<\/p>\n<p><strong>Neutralidade da rede<\/strong><\/p>\n<p>Pereira tamb&eacute;m comentou a quest&atilde;o da neutralidade da rede. O projeto, segundo ele, exime a responsabilidade do provedor de internet pelo conte&uacute;do divulgado por terceiros em suas redes. &ldquo;Assim evitamos que o provedor atue como censor, analisando cada conte&uacute;do divulgado por terceiros antes de public&aacute;-lo&rdquo;, disse.<\/p>\n<p>O advogado do Instituto de Defesa do Consumidor (Idec), Guilherme Varella, ressaltou que o texto garante a neutralidade de rede &ndash; ou seja, a n&atilde;o interfer&ecirc;ncia dos provedores nos conte&uacute;dos que transitam online. &ldquo;Ter neutralidade &eacute; n&atilde;o ter um guarda de tr&acirc;nsito ou um &aacute;rbitro na Internet; &eacute; n&atilde;o ter uma empresa privilegiando determinados conte&uacute;dos&rdquo;, explicou.<\/p>\n<p>Varella demonstrou preocupa&ccedil;&atilde;o, por&eacute;m, com o fato de o projeto estabelecer que o princ&iacute;pio da neutralidade ser&aacute; garantido conforme regulamenta&ccedil;&atilde;o. &ldquo;Vemos com preocupa&ccedil;&atilde;o isso, porque hoje h&aacute; problemas na regulamenta&ccedil;&atilde;o feita pela Ag&ecirc;ncia Nacional de Telecomunica&ccedil;&otilde;es (Anatel)&rdquo;, afirma.<\/p>\n<p><strong>e-Democracia<\/strong><\/p>\n<p>O relator do projeto, deputado Alessandro Molon (PT-RJ), afirmou que todas as sugest&otilde;es apresentadas pelos internautas ser&atilde;o analisadas pela Comiss&atilde;o Especial formada na C&acirc;mara dos Deputados. Para Guilherme Varella, o texto &eacute; um &ldquo;paradigma de constru&ccedil;&atilde;o popular&rdquo; de uma proposta legislativa. Na opini&atilde;o do representante do Idec, &ldquo;a sociedade civil conseguiu opinar sobre o seu direito &agrave; comunica&ccedil;&atilde;o&rdquo;.<\/p>\n<p>De acordo com Marivaldo Pereira, o Marco Civil da Internet &eacute; o caso mais bem sucedido de constru&ccedil;&atilde;o democr&aacute;tica de uma proposta legislativa. O projeto passou por uma longa consulta p&uacute;blica e, a partir desta semana, os cidad&atilde;os tamb&eacute;m poder&atilde;o contribuir com a proposta no site www.edemocracia.camara.gov.br.<br \/><em><br \/>Com informa&ccedil;&otilde;es da Ag&ecirc;ncia C&acirc;mara<\/em><\/span><\/p>\n","protected":false},"excerpt":{"rendered":"<p>Foi realizada nesta ter&ccedil;a-feira (16), em Bras&iacute;lia, a primeira audi&ecirc;ncia p&uacute;blica que debate o Marco Civil da Internet. O secret&aacute;rio de Assuntos Legislativos do Minist&eacute;rio da Justi&ccedil;a, Marivaldo de Castro Pereira, afirmou que espera a aprova&ccedil;&atilde;o do projeto ainda para 2012. Ele ainda disse que o Marco Civil da Internet &eacute; &ldquo;priorit&aacute;rio para o governo&rdquo;. &hellip; <a href=\"https:\/\/obscom.intervozes.org.br\/?p=26827\" class=\"more-link\">Continue lendo <span class=\"screen-reader-text\">Em audi\u00eancia p\u00fablica, representante do governo afirma querer aprova\u00e7\u00e3o ainda em 2012<\/span> <span class=\"meta-nav\">&rarr;<\/span><\/a><\/p>\n","protected":false},"author":1,"featured_media":0,"comment_status":"open","ping_status":"open","sticky":false,"template":"","format":"standard","meta":{"footnotes":""},"categories":[40],"tags":[1295],"_links":{"self":[{"href":"https:\/\/obscom.intervozes.org.br\/index.php?rest_route=\/wp\/v2\/posts\/26827"}],"collection":[{"href":"https:\/\/obscom.intervozes.org.br\/index.php?rest_route=\/wp\/v2\/posts"}],"about":[{"href":"https:\/\/obscom.intervozes.org.br\/index.php?rest_route=\/wp\/v2\/types\/post"}],"author":[{"embeddable":true,"href":"https:\/\/obscom.intervozes.org.br\/index.php?rest_route=\/wp\/v2\/users\/1"}],"replies":[{"embeddable":true,"href":"https:\/\/obscom.intervozes.org.br\/index.php?rest_route=%2Fwp%2Fv2%2Fcomments&post=26827"}],"version-history":[{"count":0,"href":"https:\/\/obscom.intervozes.org.br\/index.php?rest_route=\/wp\/v2\/posts\/26827\/revisions"}],"wp:attachment":[{"href":"https:\/\/obscom.intervozes.org.br\/index.php?rest_route=%2Fwp%2Fv2%2Fmedia&parent=26827"}],"wp:term":[{"taxonomy":"category","embeddable":true,"href":"https:\/\/obscom.intervozes.org.br\/index.php?rest_route=%2Fwp%2Fv2%2Fcategories&post=26827"},{"taxonomy":"post_tag","embeddable":true,"href":"https:\/\/obscom.intervozes.org.br\/index.php?rest_route=%2Fwp%2Fv2%2Ftags&post=26827"}],"curies":[{"name":"wp","href":"https:\/\/api.w.org\/{rel}","templated":true}]}}