{"id":26811,"date":"2012-04-13T18:26:45","date_gmt":"2012-04-13T18:26:45","guid":{"rendered":"https:\/\/obscom.intervozes.org.br\/wordpress\/?p=26811"},"modified":"2012-04-13T18:26:45","modified_gmt":"2012-04-13T18:26:45","slug":"desoneracao-vai-antecipar-projetos-de-r-18-bilhoes-preve-ministerio","status":"publish","type":"post","link":"https:\/\/obscom.intervozes.org.br\/?p=26811","title":{"rendered":"Desonera\u00e7\u00e3o vai antecipar projetos de R$ 18 bilh\u00f5es, prev\u00ea minist\u00e9rio"},"content":{"rendered":"<p><span class=\"padrao\">O governo prev&ecirc; que as operadoras de telefonia v&atilde;o anunciar investimentos de at&eacute; R$ 18 bilh&otilde;es em redes de banda larga, nos pr&oacute;ximos quatro anos, em decorr&ecirc;ncia das medidas de desonera&ccedil;&atilde;o anunciadas na semana passada.<\/p>\n<p>A estimativa &eacute; que haja uma antecipa&ccedil;&atilde;o de investimentos de R$ 16 bilh&otilde;es a R$ 18 bilh&otilde;es at&eacute; 2016, quando os incentivos deixam de vigorar. &quot;S&atilde;o projetos que, de outra forma, s&oacute; seriam feitos depois disso&quot;, afirmou, ontem, o diretor de ind&uacute;stria, ci&ecirc;ncia e tecnologia do Minist&eacute;rio das Comunica&ccedil;&otilde;es, Jos&eacute; Gontijo. Ele deu palestra sobre o tema em S&atilde;o Paulo.<\/p>\n<p>As operadoras que atuam no pa&iacute;s investiram, juntas, R$ 21,7 bilh&otilde;es no ano passado. O montante &#8211; que inclui telefonia fixa, celular, banda larga e TV &#8211; s&oacute; perde para o de 2001, quando houve a antecipa&ccedil;&atilde;o das metas de universaliza&ccedil;&atilde;o, informou a Telebrasil, associa&ccedil;&atilde;o de empresas do setor.<\/p>\n<p>Na semana passada, o governo lan&ccedil;ou um pacote de incentivo a alguns setores. No caso da telefonia, foi anunciada a desonera&ccedil;&atilde;o de IPI e de PIS\/Cofins sobre equipamentos e obras para a constru&ccedil;&atilde;o ou moderniza&ccedil;&atilde;o da infraestrutura de banda larga. A medida representar&aacute; uma ren&uacute;ncia fiscal de R$ 3,8 bilh&otilde;es at&eacute; 2016.<\/p>\n<p>Segundo Gontijo, a iniciativa tem dois grandes prop&oacute;sitos. Um deles &eacute; fomentar projetos relacionados ao Plano Nacional de Banda Larga (PNBL) e garantir a infraestrutura necess&aacute;ria para a Copa do Mundo. Outro &eacute; dar um respiro &agrave;s operadoras, que nos pr&oacute;ximos anos ter&atilde;o investimentos pesados na aquisi&ccedil;&atilde;o das licen&ccedil;as e na implanta&ccedil;&atilde;o da quarta gera&ccedil;&atilde;o da telefonia m&oacute;vel (4G). &quot;Sem isso, talvez adiassem projetos&quot;, disse.<\/p>\n<p>Para que as medidas entrem em vigor, faltam ainda a edi&ccedil;&atilde;o de um decreto e a publica&ccedil;&atilde;o de portarias do minist&eacute;rio e da Receita Federal &#8211; o que est&aacute; previsto para julho, mas poder&aacute; ser antecipado. Da&iacute; em diante, as operadoras ter&atilde;o at&eacute; junho de 2013 para apresentar seus projetos.<\/p>\n<p>A habilita&ccedil;&atilde;o de cada um deles vai depender do cumprimento de algumas condi&ccedil;&otilde;es. As propostas ter&atilde;o de contemplar o uso de produtos fabricados no Brasil e com tecnologia nacional &#8211; em percentuais que ainda est&atilde;o sendo definidos. Tamb&eacute;m haver&aacute; exig&ecirc;ncias de desempenho e de redu&ccedil;&atilde;o das desigualdades regionais.<\/p>\n<p>&quot;A minuta do decreto est&aacute; quase pronta, mas se houver sugest&otilde;es relevantes vamos analisar&quot;, disse Gontijo. No entanto, o diretor afirmou que o uso de tecnologia nacional &eacute; uma premissa. &quot;Tem muita gente gerando tecnologia aqui, mas &agrave;s vezes as empresas precisam de um empurr&atilde;o para crescer.&quot;<\/p>\n<p>A exig&ecirc;ncia de conte&uacute;do nacional tamb&eacute;m est&aacute; presente nas regras propostas pela Ag&ecirc;ncia Nacional de Telecomunica&ccedil;&otilde;es (Anatel) para o leil&atilde;o das licen&ccedil;as de 4G e tem despertado queixas das operadoras. A vota&ccedil;&atilde;o do edital pelo conselho diretor da ag&ecirc;ncia est&aacute; prevista para hoje.<\/span><\/p>\n","protected":false},"excerpt":{"rendered":"<p>O governo prev&ecirc; que as operadoras de telefonia v&atilde;o anunciar investimentos de at&eacute; R$ 18 bilh&otilde;es em redes de banda larga, nos pr&oacute;ximos quatro anos, em decorr&ecirc;ncia das medidas de desonera&ccedil;&atilde;o anunciadas na semana passada. A estimativa &eacute; que haja uma antecipa&ccedil;&atilde;o de investimentos de R$ 16 bilh&otilde;es a R$ 18 bilh&otilde;es at&eacute; 2016, quando &hellip; <a href=\"https:\/\/obscom.intervozes.org.br\/?p=26811\" class=\"more-link\">Continue lendo <span class=\"screen-reader-text\">Desonera\u00e7\u00e3o vai antecipar projetos de R$ 18 bilh\u00f5es, prev\u00ea minist\u00e9rio<\/span> <span class=\"meta-nav\">&rarr;<\/span><\/a><\/p>\n","protected":false},"author":1,"featured_media":0,"comment_status":"open","ping_status":"open","sticky":false,"template":"","format":"standard","meta":{"footnotes":""},"categories":[40],"tags":[81],"_links":{"self":[{"href":"https:\/\/obscom.intervozes.org.br\/index.php?rest_route=\/wp\/v2\/posts\/26811"}],"collection":[{"href":"https:\/\/obscom.intervozes.org.br\/index.php?rest_route=\/wp\/v2\/posts"}],"about":[{"href":"https:\/\/obscom.intervozes.org.br\/index.php?rest_route=\/wp\/v2\/types\/post"}],"author":[{"embeddable":true,"href":"https:\/\/obscom.intervozes.org.br\/index.php?rest_route=\/wp\/v2\/users\/1"}],"replies":[{"embeddable":true,"href":"https:\/\/obscom.intervozes.org.br\/index.php?rest_route=%2Fwp%2Fv2%2Fcomments&post=26811"}],"version-history":[{"count":0,"href":"https:\/\/obscom.intervozes.org.br\/index.php?rest_route=\/wp\/v2\/posts\/26811\/revisions"}],"wp:attachment":[{"href":"https:\/\/obscom.intervozes.org.br\/index.php?rest_route=%2Fwp%2Fv2%2Fmedia&parent=26811"}],"wp:term":[{"taxonomy":"category","embeddable":true,"href":"https:\/\/obscom.intervozes.org.br\/index.php?rest_route=%2Fwp%2Fv2%2Fcategories&post=26811"},{"taxonomy":"post_tag","embeddable":true,"href":"https:\/\/obscom.intervozes.org.br\/index.php?rest_route=%2Fwp%2Fv2%2Ftags&post=26811"}],"curies":[{"name":"wp","href":"https:\/\/api.w.org\/{rel}","templated":true}]}}