{"id":26799,"date":"2012-04-05T12:48:19","date_gmt":"2012-04-05T12:48:19","guid":{"rendered":"https:\/\/obscom.intervozes.org.br\/wordpress\/?p=26799"},"modified":"2012-04-05T12:48:19","modified_gmt":"2012-04-05T12:48:19","slug":"dossie-culturafundacao-padre-anchieta-desmonte-e-privatizacao","status":"publish","type":"post","link":"https:\/\/obscom.intervozes.org.br\/?p=26799","title":{"rendered":"Dossi\u00ea Cultura\/Funda\u00e7\u00e3o Padre Anchieta: Desmonte e privatiza\u00e7\u00e3o"},"content":{"rendered":"<p><span class=\"padrao\">A Funda&ccedil;&atilde;o Padre Anchieta vive um processo longo de car&ecirc;ncia de investimentos e de sucateamento. As &uacute;ltimas gest&otilde;es foram marcadas por escassos recursos or&ccedil;ament&aacute;rios e, consequentemente, por pouco investimento estrutural. Houve perda cumulativa do potencial criativo das R&aacute;dios e TV Cultura. E vale lembrar que a funda&ccedil;&atilde;o tinha um papel diferenciado na comunica&ccedil;&atilde;o brasileira, uma refer&ecirc;ncia na TV aberta e gratuita para novos talentos, formatos e modelos.<\/p>\n<p>Hoje, as emissoras possuem pouca din&acirc;mica e est&atilde;o estranguladas por demiss&otilde;es. S&atilde;o quase nulas em termos de audi&ecirc;ncia. As R&aacute;dios e TV Cultura est&atilde;o passando por um processo de desmonte e privatiza&ccedil;&atilde;o, com a degrada&ccedil;&atilde;o de seu car&aacute;ter p&uacute;blico. A criatividade e a produ&ccedil;&atilde;o de conte&uacute;do &ndash; marcas fundamentais dos 43 anos de hist&oacute;ria da Funda&ccedil;&atilde;o Padre Anchieta &ndash; est&atilde;o amea&ccedil;adas pela transforma&ccedil;&atilde;o do canal de TV em um mero exibidor de material comprado de terceiros.<\/p>\n<p><strong>Hist&oacute;rico<\/strong><\/p>\n<p>As gest&otilde;es anteriores da Funda&ccedil;&atilde;o, com Marcos Mendon&ccedil;a e Paulo Markun, j&aacute; demonstravam a car&ecirc;ncia de investimentos e recursos. Um contrato de gest&atilde;o que o governo paulista obrigou a Funda&ccedil;&atilde;o Padre Anchieta a assinar em 2009 j&aacute; indicava o futuro das R&aacute;dios e TV Cultura com minguantes recursos. Este contrato previa a redu&ccedil;&atilde;o gradual de verbas or&ccedil;ament&aacute;rias para a TV e o conseq&uuml;ente aumento da capta&ccedil;&atilde;o publicit&aacute;ria.<\/p>\n<p>O documento, na &eacute;poca aprovado por unanimidade pelo conselho curador da Funda&ccedil;&atilde;o, mas nunca tornado p&uacute;blico, previa que tanto a TV Cultura quanto o governo deveriam cumprir metas e oferecer contrapartidas entre 2009 e 2013. Segundo o documento, o governo diminuiria as verbas que envia para o custeio da funda&ccedil;&atilde;o (da ordem de R$ 75 milh&otilde;es para R$ 55 milh&otilde;es) e o contrato estabelecia metas maiores de capta&ccedil;&atilde;o externa (em publicidade e presta&ccedil;&atilde;o de servi&ccedil;os). Isso j&aacute; era um sinal claro que o comando do governo paulista queria gradualmente retirar seu papel da comunica&ccedil;&atilde;o p&uacute;blica.<\/p>\n<p>Com a elei&ccedil;&atilde;o de Jo&atilde;o Sayad, o mesmo contrato de gest&atilde;o assinado e com plano de metas claras foi deixado de lado. O conte&uacute;do deste contrato n&atilde;o foi publicado, tampouco o documento que o substituiu. A assessoria de imprensa da FPA divulgou v&aacute;rias vezes que houve economia nos &uacute;ltimos meses. Mas vale lembrar que tal redu&ccedil;&atilde;o de gastos foi feita ao custo social de centenas de demiss&otilde;es. O Conselho Curador apenas endossou laconicamente a brutal mudan&ccedil;a na programa&ccedil;&atilde;o e nos quadros funcionais.<\/p>\n<p><strong>Sayad e a privatiza&ccedil;&atilde;o<\/strong><\/p>\n<p>A gest&atilde;o do presidente Jo&atilde;o Sayad, do vice-presidente de conte&uacute;do Fernando Vieira de Melo e do vice-presidente administrativo Ronaldo Bianchi caminhou &agrave;s escuras para dilapidar o patrim&ocirc;nio p&uacute;blico. Sayad optou por transformar a TV Cultura em uma mera exibidora. Cancelou e\/ou deixou de renovar contratos de presta&ccedil;&atilde;o de servi&ccedil;o (TV Justi&ccedil;a, Assembl&eacute;ia de S&atilde;o Paulo, etc), acabou com diversos programas e implantou um programa de demiss&otilde;es em massa.<\/p>\n<p>Em conversas com seu staff, Jo&atilde;o Sayad j&aacute; comentou que a TV Cultura deveria caber apenas de um andar de um pr&eacute;dio comercial diante do planejamento que ele implantou. O que se v&ecirc; &eacute; um processo de &ldquo;privatiza&ccedil;&atilde;o&rdquo; das fun&ccedil;&otilde;es da FPA na comunica&ccedil;&atilde;o p&uacute;blica. E n&atilde;o se pode descartar tamb&eacute;m a &ldquo;estatiza&ccedil;&atilde;o&rdquo; e a &ldquo;partidariza&ccedil;&atilde;o&rdquo; destas mesmas fun&ccedil;&otilde;es p&uacute;blicas. A atual gest&atilde;o retrocedeu a TV Cultura em pelo menos 15 anos com a demiss&atilde;o de profissionais qualificados e a sobrecarga do restante das equipes.<\/p>\n<p><strong>Mais de mil demitidos<\/strong><\/p>\n<p>Desde o in&iacute;cio da gest&atilde;o Jo&atilde;o Sayad, a TV Cultura encolheu drasticamente. Foram mais de mil demitidos, entre celetistas e PJs. Um processo de sele&ccedil;&atilde;o &ldquo;p&uacute;blica&rdquo; foi desenvolvido para a regulariza&ccedil;&atilde;o de poucos funcion&aacute;rios. A maioria foi desligada com o fim de programas e dos contratos de presta&ccedil;&atilde;o de servi&ccedil;os. Os Sindicatos dos Jornalistas e dos Radialistas n&atilde;o t&ecirc;m conseguido reagir &agrave;s demiss&otilde;es. Seria importante que ao menos divulgassem o saldo consolidado de quantas demiss&otilde;es foram homologadas por eles durante a gest&atilde;o Jo&atilde;o Sayad.<\/p>\n<p><strong>Extin&ccedil;&atilde;o de programas<\/strong><\/p>\n<p>O trio Sayad-Bianchi-Vieira de Melo extinguiu programas no atacado desde o in&iacute;cio da sua gest&atilde;o. Tentou-se acabar com outros, como o Manos e Minas, mas houve resist&ecirc;ncia de um p&uacute;blico organizado e disposto a cobrar a programa&ccedil;&atilde;o de uma emissora p&uacute;blica. A lista de programas hoje &eacute; recheada de produ&ccedil;&otilde;es externas ou de reprises. Pouqu&iacute;ssimo material &eacute; feito com produ&ccedil;&atilde;o pr&oacute;pria e in&eacute;dita. A seguir, um resumo dos programas pr&oacute;prios que sucumbiram:<\/p>\n<p>Cultura Retr&ocirc; &ndash; Lan&ccedil;ado pela gest&atilde;o Jo&atilde;o Sayad em abril de 2011, o programa conduzido pela ex-MTV Marina Person n&atilde;o teve f&ocirc;lego nem para comemorar um ano de vida. Seu fim foi anunciado em mar&ccedil;o. A atra&ccedil;&atilde;o revisitava reportagens e entrevistas do arquivo da emissora.<\/p>\n<p>Entrelinhas &ndash; Dedicado exclusivamente &agrave; literatura, era o &uacute;nico do g&ecirc;nero na TV aberta e foi extinto em mar&ccedil;o de 2012. Existia desde 2005. A equipe de produ&ccedil;&atilde;o foi desmontada e redirecionada para outros programas. A promessa &eacute; integr&aacute;-lo &agrave; nova reformula&ccedil;&atilde;o do Metropolis.<\/p>\n<p>Grandes Momentos do Esporte &ndash; Tamb&eacute;m extinto em mar&ccedil;o de 2012, o programa j&aacute; estava na mira da gest&atilde;o Sayad h&aacute; tempos. A atra&ccedil;&atilde;o perdera tempo na grade e o antigo apresentador, o jornalista Helio Alc&acirc;ntara, foi demitido em 2011. Seu lugar foi ocupado pelos jornalistas Vladir Lemos e Michel Laurence, al&eacute;m do capit&atilde;o do tri Carlos Alberto Torres.<\/p>\n<p>Letra Livre &ndash; Conduzido pelo jornalista e cr&iacute;tico liter&aacute;rio Manuel da Costa Pinto, o programa foi criado em 2008 e promovia a cada edi&ccedil;&atilde;o o debate entre dois escritores consagrados. Foi extinto em junho de 2010.<\/p>\n<p>Login &ndash; Inicialmente chamado de Programa Novo, foi criado na gest&atilde;o de Paulo Markun e era exibido no in&iacute;cio da noite. Dedicado ao p&uacute;blico jovem, apresentava reportagens, entrevistas, bandas de m&uacute;sica e contava com a participa&ccedil;&atilde;o de internautas. Extinto em dezembro de 2010.<\/p>\n<p>Nossa L&iacute;ngua &ndash; Criado no in&iacute;cio dos anos 2000 sob o comando do Professor Pasquale, o programa virou uma refer&ecirc;ncia sobre o ensino da l&iacute;ngua portuguesa na televis&atilde;o. Extinto na gest&atilde;o de Marcos Mendon&ccedil;a, retornou em 2008. Depois, reformulado, passou a ser produzido por temporadas. A &uacute;ltima, de 26 cap&iacute;tulos, foi exibida em 2011. N&atilde;o h&aacute; previs&atilde;o de retorno.<\/p>\n<p>Vitrine &ndash; Com mais de 20 anos de hist&oacute;ria, foi s&iacute;mbolo de inova&ccedil;&atilde;o ao tratar de cultura e m&iacute;dia. Ultimamente era apresentado por Cunha Jr e Carla Fiorito. Foi extinto em mar&ccedil;o de 2012. A promessa &eacute; incorpor&aacute;-lo &agrave; reformula&ccedil;&atilde;o do programa Metr&oacute;polis.<\/p>\n<p>Zoom &ndash; Programa semanal dedicado ao cinema, sobretudo &agrave; produ&ccedil;&atilde;o brasileira de m&eacute;dias e curtas metragens. Extinto em fevereiro de 2011, teve Fl&aacute;via Scherner como &uacute;ltima apresentadora. &Agrave; &eacute;poca de sua extin&ccedil;&atilde;o, a assessoria da FPA anunciou que ele viraria um quadro do Metropolis. Foram palavras ao vento.<\/p>\n<p>A&rsquo;uwe &ndash; &Uacute;nico programa da TV no mundo dedicado exclusivamente &agrave; cultura ind&iacute;gena. Apresentado pelo ator Marcos Palmeira, o programa foi extinto em 2010 ap&oacute;s cr&iacute;ticas da c&uacute;pula da gest&atilde;o Sayad que o via como uma esp&eacute;cie de TV institucional da Funai.<\/p>\n<p>Autor por autor &ndash; S&eacute;rie coproduzida com o canal SescTV e que apresentava a biografia e a obra de autores consagrados da literatura brasileira. Tamb&eacute;m extinto em 2010 sob o argumento de que era desinteressante.<\/p>\n<p>Teatro R&aacute;-Tim-Bum &ndash; S&eacute;rie de programas dedicados &agrave;s crian&ccedil;as, com hist&oacute;rias de diversos autores e &eacute;pocas. Extinto em 2010.<\/p>\n<p>L&aacute; e C&aacute; &ndash; Parceria da TV Cultura e da R&aacute;dio e Televis&atilde;o de Portugal (RTP) com o objetivo de compartilham vis&otilde;es, semelhan&ccedil;as e diferen&ccedil;as de brasileiros e portugueses. Primeira temporada tinha 13 epis&oacute;dios de 30 minutos. Foi abandonado com a sa&iacute;da do ex-presidente Paulo Markun.<\/p>\n<p><strong>Erros na gest&atilde;o na TV<\/strong><\/p>\n<p>Roda Viva &ndash; Na reformula&ccedil;&atilde;o do programa de debates e entrevistas, Mar&iacute;lia Gabriela assumiu o posto de condutora da atra&ccedil;&atilde;o. A transforma&ccedil;&atilde;o, no entanto, foi mais profunda, resultando na completa desfigura&ccedil;&atilde;o do programa. Um ano ap&oacute;s a mudan&ccedil;a, a dire&ccedil;&atilde;o da emissora recuou e restabeleceu o formato original.<\/p>\n<p>Jornal da Cultura &ndash; Com o excesso de demiss&otilde;es e o sucateamento da estrutura t&eacute;cnica, o jornal&iacute;stico perdeu a for&ccedil;a das reportagens, que praticamente deixaram de ser exibidas. No ar, a &acirc;ncora Maria Cristina Poli, divide a bancada com um time de comentaristas que se reveza para colher os louros do tra&ccedil;o no Ibope.<\/p>\n<p>Metropolis &ndash; Al&eacute;m de ter sido jogado para o final de noite, o programa tamb&eacute;m sofreu uma completa desestrutura&ccedil;&atilde;o. E esta &eacute; a segunda reformula&ccedil;&atilde;o do programa dentro da gest&atilde;o Sayad. Cad&atilde;o Volpato foi contratado e demitido na mesma gest&atilde;o. Hoje, o programa exibe pouqu&iacute;ssimas reportagens, h&aacute; anos n&atilde;o possui capacidade t&eacute;cnica para links ao vivo e acabou se limitando a um talk-show de temas culturais.<\/p>\n<p>M&uacute;sica Cl&aacute;ssica &ndash; Perdeu espa&ccedil;o na grade de programa&ccedil;&atilde;o. A grava&ccedil;&atilde;o de concertos de orquestras brasileira passou a ser feito com menor regularidade. Em vez de exibir material novo, atualmente aposta em muitas reprises e na veicula&ccedil;&atilde;o de produ&ccedil;&otilde;es estrangeiras.<\/p>\n<p>TV Justi&ccedil;a e TV Assembleia &ndash; Terminar com os contratos de presta&ccedil;&atilde;o de servi&ccedil;os n&atilde;o s&oacute; cortou receitas para a FPA como acelerou o processo de transforma&ccedil;&atilde;o da emissora em mera exibidora. Demiss&otilde;es foram feitas as centenas com o fim deste contrato. Os valores e o conte&uacute;do dos acordos nunca foram apresentados publicamente.<\/p>\n<p>Teatro Franco Zampari &ndash; A gest&atilde;o Sayad pretende doar o Teatro Franco Zampari, onde s&atilde;o gravados v&aacute;rios programas da TV Cultura. O objetivo &eacute; desfazer do patrim&ocirc;nio sob o argumento de que a estrutura &eacute; onerosa. As negocia&ccedil;&otilde;es est&atilde;o em estado avan&ccedil;ado com a Associa&ccedil;&atilde;o Paulista de Amigos da Arte (APAA).<\/p>\n<p>Carnaval 2012 &ndash; A transmiss&atilde;o de 9 horas do Carnaval 2012 de S&atilde;o Paulo &eacute; um case importante desta fase da FPA. A negocia&ccedil;&atilde;o dos direitos de transmiss&atilde;o com o SBT e Globo foram suspeitas. A TV Cultura disponibilizou equipamentos e equipes para a transmiss&atilde;o do Grupo de Acesso e do Desfile das Campe&atilde;s, mas s&oacute; transmitiu o primeiro. O Desfile das Campe&atilde;s ficou de presente para o SBT, incluindo a opera&ccedil;&atilde;o e o uso de equipamentos da FPA. Os valores da negocia&ccedil;&atilde;o n&atilde;o foram divulgados.<\/p>\n<p>Portal Cmais &ndash; Lan&ccedil;ado com alarde pela atual gest&atilde;o, o portal tem uma produ&ccedil;&atilde;o &iacute;nfima e extremamente dependente das equipes j&aacute; sobrecarregadas dos programas. A carente infra-estrutura de TI o deixa fora do ar frequentemente. E a equipe reduzida de funcion&aacute;rios propicia erros crassos, como a transmiss&atilde;o por horas do streamming de v&iacute;deo do SBT no lugar da programa&ccedil;&atilde;o ao vivo da pr&oacute;pria TV Cultura (dia 29 de fevereiro).<\/p>\n<p><strong>Jornalismo fraco na TV<\/strong><\/p>\n<p>O acordo para a exibi&ccedil;&atilde;o de um programa da TV Folha e a poss&iacute;vel exibi&ccedil;&atilde;o de um televisivo da Revista Veja est&atilde;o inseridas no fraco papel que o jornalismo da emissora p&uacute;blica possui hoje. A fragilidade do jornalismo da TV &eacute; evidente diante da agenda pol&iacute;tica do PSDB. N&atilde;o h&aacute; cr&iacute;tica, n&atilde;o h&aacute; profundidade, n&atilde;o h&aacute; debates importantes no cotidiano. Por ter um dos principais t&iacute;tulos jornal&iacute;sticos da hist&oacute;ria recente &ndash; o programa de entrevistas Roda Viva &ndash; e ser o local de trabalho do jornalista Vladimir Herzog quando foi preso e assassinado pela ditadura, a reda&ccedil;&atilde;o da TV Cultura deveria, sim, aparecer no foco do debates das comunica&ccedil;&otilde;es.<\/p>\n<p>O acordo com a Folha de S.Paulo exp&ocirc;s a &ldquo;privatiza&ccedil;&atilde;o&rdquo; da TV e a simpatia pol&iacute;tica do governo com este ve&iacute;culo. Se, de acordo com Artigo 22&ordm;, Inciso 6&ordm;, do Estatuto da Funda&ccedil;&atilde;o Padre Anchieta, o Conselho Curador &ldquo;deve aprovar a celebra&ccedil;&atilde;o de conv&ecirc;nios ou acordos com &oacute;rg&atilde;os ou institui&ccedil;&otilde;es p&uacute;blicas ou privadas, concernentes &agrave; programa&ccedil;&atilde;o&rdquo;, a d&uacute;vida que fica &eacute;: esse acordo, redigido e formalizado, foi aprovado pelo Conselho? Por que n&atilde;o foi divulgado? Quais os valores envolvidos na negocia&ccedil;&atilde;o? Os conselheiros precisam publicizar essas informa&ccedil;&otilde;es.<\/p>\n<p>A proposta de lotear a programa&ccedil;&atilde;o jornal&iacute;stica da TV Cultura &eacute; um desrespeito com a no&ccedil;&atilde;o de como o Estado deve promover e incentivar o pensamento cr&iacute;tico e a liberdade de express&atilde;o. Abrir espa&ccedil;os para enlatados produzidos por terceiros de acordo com crit&eacute;rios editoriais de particulares &eacute; jogar uma p&aacute; de cal na agonizante hist&oacute;ria do jornalismo da emissora p&uacute;blica. O Brasil que tanto precisa de exemplos fortes e maduros no jornalismo p&uacute;blico &ndash; porque ainda engatinha em todos &ndash; vai desprezar mais uma alternativa.<\/p>\n<p><strong>R&aacute;dio Cultura Brasil<\/strong><\/p>\n<p>&Eacute; a r&aacute;dio de m&uacute;sica brasileira da FPA, transmitida em AM. &Eacute; de conhecimento de todos a import&acirc;ncia cultural e educativa do trabalho realizado na emissora. Da seriedade da produ&ccedil;&atilde;o com a pesquisa &agrave; informa&ccedil;&atilde;o jornal&iacute;stica transmitida aos ouvintes. A equipe de produ&ccedil;&atilde;o foi achatada na atual gest&atilde;o com fechamento de vagas e com demiss&otilde;es. Em abril de 2012, a equipe foi reduzida a cinco apresentadores, um diretor de programas, um assistente, tr&ecirc;s jornalistas e cinco estagi&aacute;rios. A equipe t&eacute;cnica tamb&eacute;m sofreu cortes e acumula as opera&ccedil;&otilde;es da r&aacute;dio AM e da R&aacute;dio Cultura FM (m&uacute;sica erudita).<\/p>\n<p>Todos os funcion&aacute;rios trabalham mais horas do que as contratadas. Alguns programas gravados da R&aacute;dio Cultura Brasil (AM) s&atilde;o produzidos por funcion&aacute;rios da Cultura FM e vice-versa.&nbsp; N&atilde;o existem mais programas gravados na R&aacute;dio Cultura Brasil, com exce&ccedil;&atilde;o aos retransmitidos &ndash; o do produtor e pesquisador Solano Ribeiro (A Nova M&uacute;sica do Brasil) e o Reggae de Bamba (Jai Mahal). A programa&ccedil;&atilde;o musical &eacute; reprisada &agrave; exaust&atilde;o e os programas ao vivo n&atilde;o t&ecirc;m mais entrevistas no est&uacute;dio com a presen&ccedil;a do convidado. S&atilde;o usadas apenas entrevistas por telefone (com exce&ccedil;&atilde;o ao programa Cultura Livre, que tem interesse da TV, mas cuja produ&ccedil;&atilde;o em v&iacute;deo tamb&eacute;m est&aacute; paralisada).<\/p>\n<p>A R&aacute;dio Cultura Brasil tem problemas t&eacute;cnicos de irradia&ccedil;&atilde;o do sinal h&aacute; pelo menos 20 anos. A &uacute;nica tentativa de solucionar esta quest&atilde;o foi na gest&atilde;o de Marcos Mendon&ccedil;a. Contudo, a escolha de uma aparelhagem inadequada tirou o sinal das regi&otilde;es nas quais a emissora era tradicionalmente ouvida e ampliou-se em duas regi&otilde;es onde a r&aacute;dio n&atilde;o chegava. Sem qualquer divulga&ccedil;&atilde;o ou campanha, houve perda de audi&ecirc;ncia.<\/p>\n<p>Nem a iniciativa do lan&ccedil;amento do Portal Cultura Brasil (muito pertinente em tempos de converg&ecirc;ncia digital) vingou. A proposta inicial de reunir todo o conte&uacute;do musical da R&aacute;dio Cultura Brasil, da Cultura FM e dos programas musicais da TV Cultura n&atilde;o mais funciona regularmente. Hoje, o abastecimento de conte&uacute;do do site &eacute; quase nulo.<\/p>\n<p><em>*Dossi&ecirc; Cultura\/Funda&ccedil;&atilde;o Padre Anchieta foi elaborado coletivamente por ex-funcion&aacute;rios, ex-colaboradores e observadores atentos &agrave; situa&ccedil;&atilde;o por l&aacute;.<\/em><\/span><\/p>\n","protected":false},"excerpt":{"rendered":"<p><span class=\"padrao\">A Funda&ccedil;&atilde;o Padre Anchieta vive um processo longo de car&ecirc;ncia de  investimentos e de sucateamento. As &uacute;ltimas gest&otilde;es foram marcadas por  escassos recursos or&ccedil;ament&aacute;rios e, consequentemente, por pouco  investimento estrutural.<\/span><\/p>\n","protected":false},"author":1,"featured_media":0,"comment_status":"open","ping_status":"open","sticky":false,"template":"","format":"standard","meta":{"footnotes":""},"categories":[42],"tags":[],"_links":{"self":[{"href":"https:\/\/obscom.intervozes.org.br\/index.php?rest_route=\/wp\/v2\/posts\/26799"}],"collection":[{"href":"https:\/\/obscom.intervozes.org.br\/index.php?rest_route=\/wp\/v2\/posts"}],"about":[{"href":"https:\/\/obscom.intervozes.org.br\/index.php?rest_route=\/wp\/v2\/types\/post"}],"author":[{"embeddable":true,"href":"https:\/\/obscom.intervozes.org.br\/index.php?rest_route=\/wp\/v2\/users\/1"}],"replies":[{"embeddable":true,"href":"https:\/\/obscom.intervozes.org.br\/index.php?rest_route=%2Fwp%2Fv2%2Fcomments&post=26799"}],"version-history":[{"count":0,"href":"https:\/\/obscom.intervozes.org.br\/index.php?rest_route=\/wp\/v2\/posts\/26799\/revisions"}],"wp:attachment":[{"href":"https:\/\/obscom.intervozes.org.br\/index.php?rest_route=%2Fwp%2Fv2%2Fmedia&parent=26799"}],"wp:term":[{"taxonomy":"category","embeddable":true,"href":"https:\/\/obscom.intervozes.org.br\/index.php?rest_route=%2Fwp%2Fv2%2Fcategories&post=26799"},{"taxonomy":"post_tag","embeddable":true,"href":"https:\/\/obscom.intervozes.org.br\/index.php?rest_route=%2Fwp%2Fv2%2Ftags&post=26799"}],"curies":[{"name":"wp","href":"https:\/\/api.w.org\/{rel}","templated":true}]}}