{"id":26794,"date":"2012-04-04T12:45:29","date_gmt":"2012-04-04T12:45:29","guid":{"rendered":"https:\/\/obscom.intervozes.org.br\/wordpress\/?p=26794"},"modified":"2012-04-04T12:45:29","modified_gmt":"2012-04-04T12:45:29","slug":"veiculos-de-comunicacao-popular-de-fortaleza-organizam-mobilizacao","status":"publish","type":"post","link":"https:\/\/obscom.intervozes.org.br\/?p=26794","title":{"rendered":"Ve\u00edculos de comunica\u00e7\u00e3o popular de Fortaleza organizam mobiliza\u00e7\u00e3o"},"content":{"rendered":"<p><span class=\"padrao\"><strong>Ismar Capistrano &#8211; Abra&ccedil;o Nacional<br \/><\/strong><br \/>Os ve&iacute;culos de comunica&ccedil;&atilde;o popular de Fortaleza reuniram-se, na tarde da sexta, 30 de mar&ccedil;o, na Escola Municipal Mozart Pinto. Al&eacute;m de compartilhar suas conquistas e dificuldades, decidiram organizar-se para lutar pela cria&ccedil;&atilde;o do Fundo de Sustentabilidade da Comunica&ccedil;&atilde;o Comunit&aacute;ria no Cear&aacute;. Para isso, est&atilde;o articulando com deputados estaduais a apresenta&ccedil;&atilde;o do projeto de indica&ccedil;&atilde;o que dever&aacute; contemplar os projetos de comunica&ccedil;&atilde;o comunit&aacute;ria com, pelo menos, 30% das verbas publicit&aacute;rias do Governo do Estado.<\/p>\n<p>A mobiliza&ccedil;&atilde;o cobrando a aprova&ccedil;&atilde;o dever&aacute; acontecer no dia 18 de maio &agrave;s 10 horas na Assembleia, data posterior ao Dia Mundial das Telecomunica&ccedil;&otilde;es. Participaram da reuni&atilde;o, al&eacute;m da Associa&ccedil;&atilde;o Brasileira de Radiodifus&atilde;o Comunit&aacute;ria, as r&aacute;dios comunit&aacute;rias Dias Macedo, Dend&ecirc; Sol, Jo&atilde;o XXIII e P&oacute;lo Fm, os sites Ant&ocirc;nio Bezerra, Rede Mulher e Messejana, o jornal Vila Not&iacute;cias e as produtoras de v&iacute;deo Tv Janela e Tv Unlaw. &ldquo;Acreditamos que esse &eacute; o come&ccedil;o de uma organiza&ccedil;&atilde;o que poder&aacute; criar uma entidade a n&iacute;vel estadual de comunica&ccedil;&atilde;o comunit&aacute;ria&rdquo;, afirma Valdenor da Tv Janela. &ldquo;S&oacute; atrav&eacute;s de nossa uni&atilde;o que teremos for&ccedil;a para conquistas mais significativas&rdquo;, concorda Ismar Capistrano da Abra&ccedil;o Cear&aacute;.<\/p>\n<p><\/span><\/p>\n","protected":false},"excerpt":{"rendered":"<p>Ismar Capistrano &#8211; Abra&ccedil;o NacionalOs ve&iacute;culos de comunica&ccedil;&atilde;o popular de Fortaleza reuniram-se, na tarde da sexta, 30 de mar&ccedil;o, na Escola Municipal Mozart Pinto. Al&eacute;m de compartilhar suas conquistas e dificuldades, decidiram organizar-se para lutar pela cria&ccedil;&atilde;o do Fundo de Sustentabilidade da Comunica&ccedil;&atilde;o Comunit&aacute;ria no Cear&aacute;. Para isso, est&atilde;o articulando com deputados estaduais a apresenta&ccedil;&atilde;o &hellip; <a href=\"https:\/\/obscom.intervozes.org.br\/?p=26794\" class=\"more-link\">Continue lendo <span class=\"screen-reader-text\">Ve\u00edculos de comunica\u00e7\u00e3o popular de Fortaleza organizam mobiliza\u00e7\u00e3o<\/span> <span class=\"meta-nav\">&rarr;<\/span><\/a><\/p>\n","protected":false},"author":1,"featured_media":0,"comment_status":"open","ping_status":"open","sticky":false,"template":"","format":"standard","meta":{"footnotes":""},"categories":[39],"tags":[],"_links":{"self":[{"href":"https:\/\/obscom.intervozes.org.br\/index.php?rest_route=\/wp\/v2\/posts\/26794"}],"collection":[{"href":"https:\/\/obscom.intervozes.org.br\/index.php?rest_route=\/wp\/v2\/posts"}],"about":[{"href":"https:\/\/obscom.intervozes.org.br\/index.php?rest_route=\/wp\/v2\/types\/post"}],"author":[{"embeddable":true,"href":"https:\/\/obscom.intervozes.org.br\/index.php?rest_route=\/wp\/v2\/users\/1"}],"replies":[{"embeddable":true,"href":"https:\/\/obscom.intervozes.org.br\/index.php?rest_route=%2Fwp%2Fv2%2Fcomments&post=26794"}],"version-history":[{"count":0,"href":"https:\/\/obscom.intervozes.org.br\/index.php?rest_route=\/wp\/v2\/posts\/26794\/revisions"}],"wp:attachment":[{"href":"https:\/\/obscom.intervozes.org.br\/index.php?rest_route=%2Fwp%2Fv2%2Fmedia&parent=26794"}],"wp:term":[{"taxonomy":"category","embeddable":true,"href":"https:\/\/obscom.intervozes.org.br\/index.php?rest_route=%2Fwp%2Fv2%2Fcategories&post=26794"},{"taxonomy":"post_tag","embeddable":true,"href":"https:\/\/obscom.intervozes.org.br\/index.php?rest_route=%2Fwp%2Fv2%2Ftags&post=26794"}],"curies":[{"name":"wp","href":"https:\/\/api.w.org\/{rel}","templated":true}]}}