{"id":26793,"date":"2012-04-04T12:42:49","date_gmt":"2012-04-04T12:42:49","guid":{"rendered":"https:\/\/obscom.intervozes.org.br\/wordpress\/?p=26793"},"modified":"2012-04-04T12:42:49","modified_gmt":"2012-04-04T12:42:49","slug":"governo-anuncia-desoneracao-para-construcao-de-redes","status":"publish","type":"post","link":"https:\/\/obscom.intervozes.org.br\/?p=26793","title":{"rendered":"Governo anuncia desonera\u00e7\u00e3o para constru\u00e7\u00e3o de redes"},"content":{"rendered":"<p><span class=\"padrao\">O Ministro da Fazenda Guido Mantega acaba de anunciar algumas das medidas que fazem parte das novas medidas do Plano Brasil Maior, desenhadas especificamente para estimular o setor industrial brasileiro. Para o setor de comunica&ccedil;&otilde;es e TICs h&aacute; algumas medidas importantes. A principal delas &eacute; a formaliza&ccedil;&atilde;o do projeto, que j&aacute; vinha sendo anunciado desde o ano passado, para desonerar a constru&ccedil;&atilde;o de novas redes de telecomunica&ccedil;&otilde;es.<br \/>Segundo a apresenta&ccedil;&atilde;o de Mantega, a medida desonera do IPI, PIS e Cofins sobre equipamentos nacionais e obras civis dos investimentos em infraestrutura de redes de telecomunica&ccedil;&otilde;es, com suporte a servi&ccedil;os de Internet em banda larga. O objetivo &eacute; ampliar o acesso &agrave; Internet e acelerar os investimentos em telecomunica&ccedil;&otilde;es. As metas s&atilde;o:<br \/>&nbsp;<br \/>* Ampliar de 11 mil km em 2010 para 30 mil km em 2014 a rede nacional de telecomunica&ccedil;&otilde;es (n&atilde;o foi especificado se &eacute; a rede de fibras estatal)<br \/>* Atingir at&eacute; 50% dos domic&iacute;lios urbanos e 15 % dos domic&iacute;lios rurais com servi&ccedil;o de banda larga<br \/>* Elevar a 60 milh&otilde;es de acessos individuais o total de acessos de banda larga m&oacute;vel.<br \/>&nbsp;<br \/>A ren&uacute;ncia fiscal estimada &eacute; de R$ 461,5 milh&otilde;es em 2012 e de R$ 970 milh&otilde;es em 2013. &Eacute; bem menos do que os R$ 6 bilh&otilde;es que chegaram a ser projetados pelo Minist&eacute;rio das Comunica&ccedil;&otilde;es em setembro do ano passado. Na primeira minuta da Medida Provis&oacute;ria discutida com o setor de telecom, em outubro de 2011, estava prevista uma desonera&ccedil;&atilde;o mais longa, at&eacute; 2014 (quando seriam desonerados R$ 1,1 bilh&otilde;es), e em 2012 o total desonerado seria um pouco maior (R$ 900 milh&otilde;es). (Atualiza&ccedil;&atilde;o &#8211; Ap&oacute;s o an&uacute;ncio, em entrevista coletiva, o secret&aacute;rio executivo do Minist&eacute;rio da Fazenda explicou que a desonera&ccedil;&atilde;o para redes &eacute; por um per&iacute;odo de cinco anos, mas que a apresenta&ccedil;&atilde;o do ministro Mantega s&oacute; trouxe os valores previstos para o impacto nos primeiros dois anos pois &eacute; o que exige a lei de responsabilidade fiscal.)<br \/>&nbsp;<br \/><strong>Medidas para TICs<br \/><\/strong>&nbsp;<br \/>O ministro Mantega anunciou ainda a reedi&ccedil;&atilde;o do Programa Um Computador por Aluno, que suspende IPI, Cofins, PIS\/Pasep e Cide de fabricantes de computadores port&aacute;teis, tanto na aquisi&ccedil;&atilde;o de mat&eacute;ria prima e produtos intermedi&aacute;rios quanto na comercializa&ccedil;&atilde;o. Nesse caso, a ren&uacute;ncia estimada &eacute; de R$ 153,8 milh&otilde;es em 2012, R$ 203,7 milh&otilde;es em 2013 e R$ 224,64 milh&otilde;es em 2014.<br \/>&nbsp;<br \/>Foi anunciada ainda a amplia&ccedil;&atilde;o do Padis, com desonera&ccedil;&atilde;o de IPI, PIS e Cofins na aquisi&ccedil;&otilde;es no mercado interno e importa&ccedil;&otilde;es de insumos e bens da ind&uacute;stria de semicondutores. O novo Padis incluir&aacute; os fornecedores de insumos estrat&eacute;gicos para a produ&ccedil;&atilde;o de semicondutores e displays, incluindo placas de computadores, telas de LCD e LED etc.<br \/>&nbsp;<br \/>Por fim, foi anunciada ainda a amplia&ccedil;&atilde;o do programa de desonera&ccedil;&atilde;o da folha de pagamentos, o que j&aacute; incluia o setor de TIC e call center, que hoje paga al&iacute;quotas diferenciadas entre 1,5% e 3% sobre a receita e passar&aacute; a pagar 2% (contra 20% da al&iacute;quota previdenci&aacute;ria cheia).<\/span><\/p>\n","protected":false},"excerpt":{"rendered":"<p>O Ministro da Fazenda Guido Mantega acaba de anunciar algumas das medidas que fazem parte das novas medidas do Plano Brasil Maior, desenhadas especificamente para estimular o setor industrial brasileiro. Para o setor de comunica&ccedil;&otilde;es e TICs h&aacute; algumas medidas importantes. A principal delas &eacute; a formaliza&ccedil;&atilde;o do projeto, que j&aacute; vinha sendo anunciado desde &hellip; <a href=\"https:\/\/obscom.intervozes.org.br\/?p=26793\" class=\"more-link\">Continue lendo <span class=\"screen-reader-text\">Governo anuncia desonera\u00e7\u00e3o para constru\u00e7\u00e3o de redes<\/span> <span class=\"meta-nav\">&rarr;<\/span><\/a><\/p>\n","protected":false},"author":1,"featured_media":0,"comment_status":"open","ping_status":"open","sticky":false,"template":"","format":"standard","meta":{"footnotes":""},"categories":[40],"tags":[1672],"_links":{"self":[{"href":"https:\/\/obscom.intervozes.org.br\/index.php?rest_route=\/wp\/v2\/posts\/26793"}],"collection":[{"href":"https:\/\/obscom.intervozes.org.br\/index.php?rest_route=\/wp\/v2\/posts"}],"about":[{"href":"https:\/\/obscom.intervozes.org.br\/index.php?rest_route=\/wp\/v2\/types\/post"}],"author":[{"embeddable":true,"href":"https:\/\/obscom.intervozes.org.br\/index.php?rest_route=\/wp\/v2\/users\/1"}],"replies":[{"embeddable":true,"href":"https:\/\/obscom.intervozes.org.br\/index.php?rest_route=%2Fwp%2Fv2%2Fcomments&post=26793"}],"version-history":[{"count":0,"href":"https:\/\/obscom.intervozes.org.br\/index.php?rest_route=\/wp\/v2\/posts\/26793\/revisions"}],"wp:attachment":[{"href":"https:\/\/obscom.intervozes.org.br\/index.php?rest_route=%2Fwp%2Fv2%2Fmedia&parent=26793"}],"wp:term":[{"taxonomy":"category","embeddable":true,"href":"https:\/\/obscom.intervozes.org.br\/index.php?rest_route=%2Fwp%2Fv2%2Fcategories&post=26793"},{"taxonomy":"post_tag","embeddable":true,"href":"https:\/\/obscom.intervozes.org.br\/index.php?rest_route=%2Fwp%2Fv2%2Ftags&post=26793"}],"curies":[{"name":"wp","href":"https:\/\/api.w.org\/{rel}","templated":true}]}}