{"id":26791,"date":"2012-04-04T12:22:23","date_gmt":"2012-04-04T12:22:23","guid":{"rendered":"https:\/\/obscom.intervozes.org.br\/wordpress\/?p=26791"},"modified":"2012-04-04T12:22:23","modified_gmt":"2012-04-04T12:22:23","slug":"ministro-diz-que-solucao-para-vazio-de-telecom-na-regiao-norte-passa-pelo-estado","status":"publish","type":"post","link":"https:\/\/obscom.intervozes.org.br\/?p=26791","title":{"rendered":"Ministro diz que solu\u00e7\u00e3o para &#8216;vazio de telecom&#8217; na Regi\u00e3o Norte passa pelo Estado"},"content":{"rendered":"<p><span class=\"padrao\">Para o ministro das Comunica&ccedil;&otilde;es Paulo Bernardo, o grande desafio que o Brasil vive nesse momento n&atilde;o &eacute; o de estar atualizado com as principais tecnologias de telecomunica&ccedil;&otilde;es existentes no mundo, mas o de distribuir essa tecnologia regionalmente de maneira mais equilibrada. &quot;Hoje estamos muito bem servidos e atendidos em grandes cidades, mas em regi&otilde;es remotas, como o Norte, temos uma d&iacute;vida muito grande, &eacute; quase um vazio&quot;. Para o ministro, o atendimento destas regi&otilde;es passa necessariamente por um esfor&ccedil;o do Estado. &quot;N&atilde;o queremos atender diretamente o usu&aacute;rio final, mas se o governo n&atilde;o entrar ajudando na parte da rede, n&atilde;o vamos resolver nunca&quot;, disse. Para ele, o projeto de sat&eacute;lite que est&aacute; sendo desenvolvido pela Telebras e pelo Minist&eacute;rio da Defesa pode ajudar a atender a estas regi&otilde;es. &quot;Outra coisa que vamos fazer &eacute; criar um regulamento de competi&ccedil;&atilde;o (PGMC) e um regulamento de linha dedicada (EILD) que far&atilde;o com que os pre&ccedil;os caiam muito no atacado&quot;, disse Paulo Bernardo.<\/p>\n<p>O ministro reconhece que nos grandes centros, apesar de as principais tecnologias de acesso estarem dispon&iacute;veis, ainda existe um grande problema de qualidade, sobretudo na banda larga m&oacute;vel. &quot;Na minha avalia&ccedil;&atilde;o, os servi&ccedil;os de 3G s&atilde;o v&iacute;timas do crescimento do mercado. A Internet m&oacute;vel cresceu 103% no ano passado. As empresas de Internet m&oacute;vel n&atilde;o apostaram no crescimento, fizeram proje&ccedil;&otilde;es conservadores, erradas at&eacute;, e agora v&atilde;o ter que correr atr&aacute;s&quot;, disse o ministro em entrevista durante o evento Cisco Plus, no Rio de Janeiro. &quot;A licita&ccedil;&atilde;o de 4G vem agora j&aacute; amarrada com o regulamento de qualidade e isso n&atilde;o deve se repetir&quot;.<br \/><strong><br \/>Negocia&ccedil;&atilde;o de pre&ccedil;o<\/strong><\/p>\n<p>Paulo Bernardo revelou ainda que existe, no minist&eacute;rio, um processo de negocia&ccedil;&atilde;o com empresas de MMDS interessadas em explorar servi&ccedil;os de quarta gera&ccedil;&atilde;o sobre o pre&ccedil;o que vai ser cobrado pelo uso do espectro para esses servi&ccedil;os. &quot;A Sky, por exemplo, foi uma das empresas que nos procurou. Dissemos que n&atilde;o tem problema nenhum em discutir pre&ccedil;o, desde que eles tenham um projeto bom para o Pa&iacute;s&quot;.<\/span><\/p>\n","protected":false},"excerpt":{"rendered":"<p>Para o ministro das Comunica&ccedil;&otilde;es Paulo Bernardo, o grande desafio que o Brasil vive nesse momento n&atilde;o &eacute; o de estar atualizado com as principais tecnologias de telecomunica&ccedil;&otilde;es existentes no mundo, mas o de distribuir essa tecnologia regionalmente de maneira mais equilibrada. &quot;Hoje estamos muito bem servidos e atendidos em grandes cidades, mas em regi&otilde;es &hellip; <a href=\"https:\/\/obscom.intervozes.org.br\/?p=26791\" class=\"more-link\">Continue lendo <span class=\"screen-reader-text\">Ministro diz que solu\u00e7\u00e3o para &#8216;vazio de telecom&#8217; na Regi\u00e3o Norte passa pelo Estado<\/span> <span class=\"meta-nav\">&rarr;<\/span><\/a><\/p>\n","protected":false},"author":1,"featured_media":0,"comment_status":"open","ping_status":"open","sticky":false,"template":"","format":"standard","meta":{"footnotes":""},"categories":[40],"tags":[81],"_links":{"self":[{"href":"https:\/\/obscom.intervozes.org.br\/index.php?rest_route=\/wp\/v2\/posts\/26791"}],"collection":[{"href":"https:\/\/obscom.intervozes.org.br\/index.php?rest_route=\/wp\/v2\/posts"}],"about":[{"href":"https:\/\/obscom.intervozes.org.br\/index.php?rest_route=\/wp\/v2\/types\/post"}],"author":[{"embeddable":true,"href":"https:\/\/obscom.intervozes.org.br\/index.php?rest_route=\/wp\/v2\/users\/1"}],"replies":[{"embeddable":true,"href":"https:\/\/obscom.intervozes.org.br\/index.php?rest_route=%2Fwp%2Fv2%2Fcomments&post=26791"}],"version-history":[{"count":0,"href":"https:\/\/obscom.intervozes.org.br\/index.php?rest_route=\/wp\/v2\/posts\/26791\/revisions"}],"wp:attachment":[{"href":"https:\/\/obscom.intervozes.org.br\/index.php?rest_route=%2Fwp%2Fv2%2Fmedia&parent=26791"}],"wp:term":[{"taxonomy":"category","embeddable":true,"href":"https:\/\/obscom.intervozes.org.br\/index.php?rest_route=%2Fwp%2Fv2%2Fcategories&post=26791"},{"taxonomy":"post_tag","embeddable":true,"href":"https:\/\/obscom.intervozes.org.br\/index.php?rest_route=%2Fwp%2Fv2%2Ftags&post=26791"}],"curies":[{"name":"wp","href":"https:\/\/api.w.org\/{rel}","templated":true}]}}