{"id":26780,"date":"2012-03-29T22:04:18","date_gmt":"2012-03-29T22:04:18","guid":{"rendered":"https:\/\/obscom.intervozes.org.br\/wordpress\/?p=26780"},"modified":"2012-03-29T22:04:18","modified_gmt":"2012-03-29T22:04:18","slug":"fust-podera-financiar-expansao-da-telefonia-movel","status":"publish","type":"post","link":"https:\/\/obscom.intervozes.org.br\/?p=26780","title":{"rendered":"Fust poder\u00e1 financiar expans\u00e3o da telefonia m\u00f3vel"},"content":{"rendered":"<p><span class=\"padrao\">Os recursos do Fundo de Universaliza&ccedil;&atilde;o dos Servi&ccedil;os de Telecomunica&ccedil;&otilde;es (Fust) poder&atilde;o ser aplicados tamb&eacute;m em programas de amplia&ccedil;&atilde;o da cobertura do servi&ccedil;o de telefonia m&oacute;vel. Projeto de lei com essa finalidade foi aprovado nesta quarta-feira (28) pela Comiss&atilde;o de Ci&ecirc;ncia, Tecnologia, Inova&ccedil;&atilde;o, Comunica&ccedil;&atilde;o e Inform&aacute;tica (CCT).<\/p>\n<p>Como recebeu decis&atilde;o terminativa, o projeto poder&aacute; seguir para a C&acirc;mara dos Deputados se n&atilde;o houver recurso para que seja examinado tamb&eacute;m pelo Plen&aacute;rio do Senado.<\/p>\n<p>A lei que instituiu o Fust (Lei 9.998\/2000) prev&ecirc; investimento exclusivo na universaliza&ccedil;&atilde;o da telefonia fixa. O projeto de lei do Senado (PLS 311\/2007), de autoria do senador Flexa Ribeiro (PSDB-PA), modifica essa lei, beneficiando o Servi&ccedil;o M&oacute;vel Pessoal (SMP), como &eacute; denominado pelo setor de telecomunica&ccedil;&otilde;es.<\/p>\n<p>Apesar de a mat&eacute;ria ter sido rejeitada pelas comiss&otilde;es de Assuntos Econ&ocirc;micos (CAE) e de Desenvolvimento Regional e Turismo (CDR), o relator na CCT, senador Walter Pinheiro (PT-BA), apresentou parecer pela sua aprova&ccedil;&atilde;o para beneficiar as regi&otilde;es mais distantes das cidades.<\/p>\n<p>Walter pinheiro disse que, em 2007, 42% dos munic&iacute;pios do pa&iacute;s n&atilde;o possu&iacute;am servi&ccedil;o de telefonia m&oacute;vel. J&aacute; em 2011, ressaltou, os centros urbanos de todos os munic&iacute;pios contavam com o servi&ccedil;o. O senador informou que o n&uacute;mero de acessos m&oacute;veis ativos aumentou de 114,69 milh&otilde;es, em dezembro de 2007, para 231,6 milh&otilde;es, em outubro de 2011, o que significa 118 acessos por 100 habitantes.<\/p>\n<p>Ressaltou, no entanto, que pelas regras dos acordos entre as operadoras de telefonia e a Ag&ecirc;ncia Nacional de Telecomunica&ccedil;&otilde;es (Anatel), basta que 80% da &aacute;rea urbana de um munic&iacute;pio disponham de telefonia m&oacute;vel para que seja considerado coberto pelo servi&ccedil;o. Assim, observou, as regi&otilde;es mais afastadas ficam prejudicadas.<\/p>\n<p>&#8211; Localidades mais distantes do distrito sede do munic&iacute;pio, bem como as &aacute;reas rurais, notadamente no interior do pa&iacute;s, ainda sofrem com uma defici&ecirc;ncia de cobertura do SMP. Nada mais razo&aacute;vel, ent&atilde;o, que a possibilidade de utiliza&ccedil;&atilde;o de recursos do Fust, cujo objetivo &eacute; justamente disseminar o acesso aos servi&ccedil;os de telecomunica&ccedil;&otilde;es a toda popula&ccedil;&atilde;o brasileira, independentemente das regi&otilde;es geogr&aacute;ficas onde se encontra, para a amplia&ccedil;&atilde;o da cobertura do SMP em localidades hoje n&atilde;o atendidas pelas operadoras do servi&ccedil;o &#8211; argumentou.<\/p>\n<p>Flexa Ribeiro disse que os recursos do fundo s&atilde;o muitas vezes contingenciados e utilizados em outros prop&oacute;sitos, como o pagamento de juros da d&iacute;vida. A proposta, como obervou, vai possibilitar a universaliza&ccedil;&atilde;o da telefonia m&oacute;vel para o cidad&atilde;o brasileiro.<\/p>\n<p><strong>Concess&otilde;es de r&aacute;dio e TV<br \/><\/strong><br \/>Na reuni&atilde;o desta quarta-feira, a CCT aprovou tamb&eacute;m 34 projetos de decreto legislativos (PDL) que concedem, autorizam ou permitem a explora&ccedil;&atilde;o de servi&ccedil;o de radiodifus&atilde;o comunit&aacute;ria em v&aacute;rias cidades brasileiras.<\/p>\n<p>Foram beneficiados os estados de Minas Gerais e Santa Catarina, cada um com sete r&aacute;dios comunit&aacute;rias; Par&aacute;, Para&iacute;ba, Rio Grande do Sul e S&atilde;o Paulo, com tr&ecirc;s; Pernambuco e Rond&ocirc;nia, com duas; e Bahia, Mato Grosso do Sul, Rio de Janeiro e Rio Grande do Norte, com uma r&aacute;dio em cada estado. A decis&atilde;o da CCT tem car&aacute;ter terminativo.<\/p>\n<p><strong>Radia&ccedil;&atilde;o<br \/><\/strong><br \/>O projeto de lei da C&acirc;mara que determina a observ&acirc;ncia de limites para emiss&atilde;o de radia&ccedil;&atilde;o quando uma instala&ccedil;&atilde;o radioativa encerrar suas atividades ser&aacute; votado em reuni&atilde;o posterior da comiss&atilde;o. A mat&eacute;ria estava na pauta da reuni&atilde;o desta quarta-feira, mas foi retirada. A proposta &eacute; de autoria do ent&atilde;o deputado Silvinho Peccioli e recebeu relat&oacute;rio pela aprova&ccedil;&atilde;o do senador Lob&atilde;o Filho (PMDB-MA).<br \/>&nbsp;<\/p>\n<p><\/span><\/p>\n","protected":false},"excerpt":{"rendered":"<p>Os recursos do Fundo de Universaliza&ccedil;&atilde;o dos Servi&ccedil;os de Telecomunica&ccedil;&otilde;es (Fust) poder&atilde;o ser aplicados tamb&eacute;m em programas de amplia&ccedil;&atilde;o da cobertura do servi&ccedil;o de telefonia m&oacute;vel. Projeto de lei com essa finalidade foi aprovado nesta quarta-feira (28) pela Comiss&atilde;o de Ci&ecirc;ncia, Tecnologia, Inova&ccedil;&atilde;o, Comunica&ccedil;&atilde;o e Inform&aacute;tica (CCT). Como recebeu decis&atilde;o terminativa, o projeto poder&aacute; seguir &hellip; <a href=\"https:\/\/obscom.intervozes.org.br\/?p=26780\" class=\"more-link\">Continue lendo <span class=\"screen-reader-text\">Fust poder\u00e1 financiar expans\u00e3o da telefonia m\u00f3vel<\/span> <span class=\"meta-nav\">&rarr;<\/span><\/a><\/p>\n","protected":false},"author":1,"featured_media":0,"comment_status":"open","ping_status":"open","sticky":false,"template":"","format":"standard","meta":{"footnotes":""},"categories":[40],"tags":[81],"_links":{"self":[{"href":"https:\/\/obscom.intervozes.org.br\/index.php?rest_route=\/wp\/v2\/posts\/26780"}],"collection":[{"href":"https:\/\/obscom.intervozes.org.br\/index.php?rest_route=\/wp\/v2\/posts"}],"about":[{"href":"https:\/\/obscom.intervozes.org.br\/index.php?rest_route=\/wp\/v2\/types\/post"}],"author":[{"embeddable":true,"href":"https:\/\/obscom.intervozes.org.br\/index.php?rest_route=\/wp\/v2\/users\/1"}],"replies":[{"embeddable":true,"href":"https:\/\/obscom.intervozes.org.br\/index.php?rest_route=%2Fwp%2Fv2%2Fcomments&post=26780"}],"version-history":[{"count":0,"href":"https:\/\/obscom.intervozes.org.br\/index.php?rest_route=\/wp\/v2\/posts\/26780\/revisions"}],"wp:attachment":[{"href":"https:\/\/obscom.intervozes.org.br\/index.php?rest_route=%2Fwp%2Fv2%2Fmedia&parent=26780"}],"wp:term":[{"taxonomy":"category","embeddable":true,"href":"https:\/\/obscom.intervozes.org.br\/index.php?rest_route=%2Fwp%2Fv2%2Fcategories&post=26780"},{"taxonomy":"post_tag","embeddable":true,"href":"https:\/\/obscom.intervozes.org.br\/index.php?rest_route=%2Fwp%2Fv2%2Ftags&post=26780"}],"curies":[{"name":"wp","href":"https:\/\/api.w.org\/{rel}","templated":true}]}}