{"id":26778,"date":"2012-03-28T19:11:43","date_gmt":"2012-03-28T19:11:43","guid":{"rendered":"https:\/\/obscom.intervozes.org.br\/wordpress\/?p=26778"},"modified":"2012-03-28T19:11:43","modified_gmt":"2012-03-28T19:11:43","slug":"fndc-se-reune-com-ministro-das-comunicacoes","status":"publish","type":"post","link":"https:\/\/obscom.intervozes.org.br\/?p=26778","title":{"rendered":"FNDC se re\u00fane com ministro das Comunica\u00e7\u00f5es"},"content":{"rendered":"<p><span class=\"padrao\">Nesta segunda-feira, 26, a coordena&ccedil;&atilde;o executiva do F&oacute;rum Nacional pela Democratiza&ccedil;&atilde;o da Comunica&ccedil;&atilde;o (FNDC) reuniu-se com o ministro das Comunica&ccedil;&otilde;es, Paulo Bernardo. O encontro teve como foco o debate sobre o novo Marco Regulat&oacute;rio das Comunica&ccedil;&otilde;es.<\/p>\n<p>O FNDC apresentou ao Minist&eacute;rio o balan&ccedil;o pol&iacute;tico realizado em sua 16&ordf; Plen&aacute;ria, que apontou como pauta central de atua&ccedil;&atilde;o para o F&oacute;rum a luta para que a proposta de um novo arcabou&ccedil;o legal para as comunica&ccedil;&otilde;es fosse colocada pelo governo para debate p&uacute;blico.<\/p>\n<p>Os integrantes do F&oacute;rum reafirmaram a Plataforma dos 20 Pontos para uma Comunica&ccedil;&atilde;o Democr&aacute;tica, entregue ao ministro em 18 de outubro, e cobraram uma interlocu&ccedil;&atilde;o maior do minist&eacute;rio com a sociedade civil, n&atilde;o apenas no processo de constru&ccedil;&atilde;o da consulta, mas tamb&eacute;m das pol&iacute;ticas de comunica&ccedil;&atilde;o por meio da constitui&ccedil;&atilde;o de uma mesa de di&aacute;logo. Embora reconhe&ccedil;a o esfor&ccedil;o do Minist&eacute;rio das Comunica&ccedil;&otilde;es em organizar o funcionamento administrativo e desburocratizar o setor, o FNDC entende que quest&otilde;es fundamentais para ampliar a pluralidade e a diversidade das comunica&ccedil;&otilde;es e garantir a universaliza&ccedil;&atilde;o do acesso &agrave; banda larga t&ecirc;m ficado ausentes da agenda.<\/p>\n<p>Nesse sentido, o F&oacute;rum questionou a op&ccedil;&atilde;o que vem sendo feita pelo Minist&eacute;rio de promover altera&ccedil;&otilde;es de modo fragmentado, ao aprovar decretos e portarias que incidem sobre quest&otilde;es administrativas mas n&atilde;o mexem nas desigualdades estruturais do setor. Um exemplo &eacute; a portaria que modifica a norma de funcionamento das r&aacute;dios comunit&aacute;rias, que acabou limitando ainda mais suas condi&ccedil;&otilde;es de funcionamento. Outro &eacute; o decreto que alterou o sistema de licita&ccedil;&otilde;es das concess&otilde;es, que poderia ter modificado os crit&eacute;rios das outorgas a fim de fortalecer o sistema p&uacute;blico e a diversidade do sistema, mas limitou-se a mudan&ccedil;as pontuais. Al&eacute;m de se configurarem como &#39;oportunidades perdidas&#39;, algumas dessas medidas t&ecirc;m sido tomadas sem processos de consulta p&uacute;blica e di&aacute;logo com a sociedade civil. Diante das coloca&ccedil;&otilde;es feitas a este respeito, o ministro Paulo Bernardo j&aacute; orientou que o FNDC fosse consultado sobre o novo decreto das r&aacute;dios comunit&aacute;rias que ser&aacute; publicado pelo minist&eacute;rio.<\/p>\n<p>O FNDC informou ao ministro Paulo Bernardo que est&aacute; estruturando uma campanha em defesa da Liberdade de Express&atilde;o e do novo marco regulat&oacute;rio das comunica&ccedil;&otilde;es e registrou que &eacute; preciso um envolvimento maior do governo no debate p&uacute;blico para desfazer a ideia &ndash; constru&iacute;da pelos setores contr&aacute;rios ao estabelecimento de regras democr&aacute;ticas &ndash; de que regula&ccedil;&atilde;o &eacute; censura. Apontou, ainda, que o debate regulat&oacute;rio deve ser feito sem tabus, n&atilde;o se restringindo a aspectos econ&ocirc;micos e t&eacute;cnicos, mas buscando incorporar instrumentos de defesa dos direitos humanos, de respeito &agrave; diversidade, de prote&ccedil;&atilde;o &agrave; inf&acirc;ncia e adolesc&ecirc;ncia, em conson&acirc;ncia com os artigos 220 e 221 da Constitui&ccedil;&atilde;o Federal, e &agrave; luz do que j&aacute; &eacute; praticado em v&aacute;rios pa&iacute;ses como Inglaterra, Fran&ccedil;a, Portugal e Estados Unidos.<\/p>\n<p>O F&oacute;rum mostrou ainda preocupa&ccedil;&atilde;o com o processo de judicializa&ccedil;&atilde;o da pol&iacute;tica de comunica&ccedil;&atilde;o, com in&uacute;meras a&ccedil;&otilde;es no Supremo Tribunal Federal e em outras inst&acirc;ncias do Judici&aacute;rio para anular conquistas como a Classifica&ccedil;&atilde;o Indicativa e a Lei 12485 &ndash; a nova lei da TV por Assinatura.<\/p>\n<p>O ministro Paulo Bernardo reafirmou o compromisso de colocar em consulta, ainda no primeiro semestre, as quest&otilde;es elaboradas para subsidiar o debate sobre o marco regulat&oacute;rio, e sinalizou que o minist&eacute;rio vai deixar aberta a consulta pelo tempo que for necess&aacute;rio para garantir uma ampla participa&ccedil;&atilde;o social. Sobre o teor do que ser&aacute; colocado em debate, o ministro afirmou que o governo n&atilde;o pretende &ldquo;impor censura aos meios de comunica&ccedil;&atilde;o&rdquo; e foi vago ao abordar as quest&otilde;es envolvendo regula&ccedil;&atilde;o de conte&uacute;do.<\/p>\n<p>Na avalia&ccedil;&atilde;o do FNDC, a reuni&atilde;o com o minist&eacute;rio confirma a necessidade de se deflagrar uma ampla campanha em defesa da Liberdade de Express&atilde;o e que aponte para a constru&ccedil;&atilde;o de um novo marco regulat&oacute;rio para as comunica&ccedil;&otilde;es.<\/p>\n<p>A estrat&eacute;gia do governo de apresentar o debate para a sociedade atrav&eacute;s de quest&otilde;es, se n&atilde;o for combinada com um debate profundo sobre o tema e que enfrente a oposi&ccedil;&atilde;o conservadora dos meios de comunica&ccedil;&atilde;o, pode ter um resultado desfavor&aacute;vel, redundando apenas numa reestrutura&ccedil;&atilde;o t&eacute;cnica que n&atilde;o englobe quest&otilde;es essenciais para a efetiva democratiza&ccedil;&atilde;o das comunica&ccedil;&otilde;es.<\/p>\n<p>Neste sentido, o FNDC reafirma o convite a organiza&ccedil;&otilde;es, intelectuais, jornalistas, movimento sociais e a todos os que lutam por uma comunica&ccedil;&atilde;o mais democr&aacute;tica para participarem do Semin&aacute;rio que acontecer&aacute; no dia 4 de maio, em S&atilde;o Paulo, para construir a campanha pela Liberdade de Express&atilde;o.<br \/><\/span><\/p>\n","protected":false},"excerpt":{"rendered":"<p class=\"padrao\">Dire&ccedil;&atilde;o do F&oacute;rum Nacional pela Democratiza&ccedil;&atilde;o da Comunica&ccedil;&atilde;o (FNDC) cobrou do ministro Paulo Bernardo o in&iacute;cio das discuss&otilde;es sobre o marco regulat&oacute;rio e a amplian&ccedil;ao do di&aacute;logo com o movimento nas pautas da pasta. <\/p>\n","protected":false},"author":1,"featured_media":0,"comment_status":"open","ping_status":"open","sticky":false,"template":"","format":"standard","meta":{"footnotes":""},"categories":[40],"tags":[1595],"_links":{"self":[{"href":"https:\/\/obscom.intervozes.org.br\/index.php?rest_route=\/wp\/v2\/posts\/26778"}],"collection":[{"href":"https:\/\/obscom.intervozes.org.br\/index.php?rest_route=\/wp\/v2\/posts"}],"about":[{"href":"https:\/\/obscom.intervozes.org.br\/index.php?rest_route=\/wp\/v2\/types\/post"}],"author":[{"embeddable":true,"href":"https:\/\/obscom.intervozes.org.br\/index.php?rest_route=\/wp\/v2\/users\/1"}],"replies":[{"embeddable":true,"href":"https:\/\/obscom.intervozes.org.br\/index.php?rest_route=%2Fwp%2Fv2%2Fcomments&post=26778"}],"version-history":[{"count":0,"href":"https:\/\/obscom.intervozes.org.br\/index.php?rest_route=\/wp\/v2\/posts\/26778\/revisions"}],"wp:attachment":[{"href":"https:\/\/obscom.intervozes.org.br\/index.php?rest_route=%2Fwp%2Fv2%2Fmedia&parent=26778"}],"wp:term":[{"taxonomy":"category","embeddable":true,"href":"https:\/\/obscom.intervozes.org.br\/index.php?rest_route=%2Fwp%2Fv2%2Fcategories&post=26778"},{"taxonomy":"post_tag","embeddable":true,"href":"https:\/\/obscom.intervozes.org.br\/index.php?rest_route=%2Fwp%2Fv2%2Ftags&post=26778"}],"curies":[{"name":"wp","href":"https:\/\/api.w.org\/{rel}","templated":true}]}}