{"id":26775,"date":"2012-03-28T19:03:18","date_gmt":"2012-03-28T19:03:18","guid":{"rendered":"https:\/\/obscom.intervozes.org.br\/wordpress\/?p=26775"},"modified":"2012-03-28T19:03:18","modified_gmt":"2012-03-28T19:03:18","slug":"comissao-aprova-restricao-ao-consumo-e-a-propaganda-de-bebida-alcoolica","status":"publish","type":"post","link":"https:\/\/obscom.intervozes.org.br\/?p=26775","title":{"rendered":"Comiss\u00e3o aprova restri\u00e7\u00e3o ao consumo e \u00e0 propaganda de bebida alco\u00f3lica"},"content":{"rendered":"<p><span class=\"padrao\"><strong>Iolando Louren&ccedil;o &#8211; Ag&ecirc;ncia Brasil<\/strong><\/p>\n<p>Comiss&atilde;o Especial sobre o Consumo Abusivo de Bebida Alco&oacute;lica da C&acirc;mara aprovou hoje (27) parecer do relator, deputado Vanderlei Macris (PSDB-SP), que visa a combater o consumo de &aacute;lcool por menores de 18 anos, com o aperfei&ccedil;oamento de mecanismos de fiscaliza&ccedil;&atilde;o e controle do consumo e da comercializa&ccedil;&atilde;o.<\/p>\n<p>No relat&oacute;rio aprovado, Macris prop&otilde;e a apresenta&ccedil;&atilde;o de um projeto de lei para a restri&ccedil;&atilde;o de propaganda de bebidas alco&oacute;licas antes das 23 horas e a proibi&ccedil;&atilde;o da venda em postos de gasolina e em locais at&eacute; 100 metros de estabelecimentos de ensino e, tamb&eacute;m, a proibi&ccedil;&atilde;o expressa da venda de bebidas em eventos esportivos.<\/span><\/p>\n","protected":false},"excerpt":{"rendered":"<p>Iolando Louren&ccedil;o &#8211; Ag&ecirc;ncia Brasil Comiss&atilde;o Especial sobre o Consumo Abusivo de Bebida Alco&oacute;lica da C&acirc;mara aprovou hoje (27) parecer do relator, deputado Vanderlei Macris (PSDB-SP), que visa a combater o consumo de &aacute;lcool por menores de 18 anos, com o aperfei&ccedil;oamento de mecanismos de fiscaliza&ccedil;&atilde;o e controle do consumo e da comercializa&ccedil;&atilde;o. No relat&oacute;rio &hellip; <a href=\"https:\/\/obscom.intervozes.org.br\/?p=26775\" class=\"more-link\">Continue lendo <span class=\"screen-reader-text\">Comiss\u00e3o aprova restri\u00e7\u00e3o ao consumo e \u00e0 propaganda de bebida alco\u00f3lica<\/span> <span class=\"meta-nav\">&rarr;<\/span><\/a><\/p>\n","protected":false},"author":1,"featured_media":0,"comment_status":"open","ping_status":"open","sticky":false,"template":"","format":"standard","meta":{"footnotes":""},"categories":[39],"tags":[],"_links":{"self":[{"href":"https:\/\/obscom.intervozes.org.br\/index.php?rest_route=\/wp\/v2\/posts\/26775"}],"collection":[{"href":"https:\/\/obscom.intervozes.org.br\/index.php?rest_route=\/wp\/v2\/posts"}],"about":[{"href":"https:\/\/obscom.intervozes.org.br\/index.php?rest_route=\/wp\/v2\/types\/post"}],"author":[{"embeddable":true,"href":"https:\/\/obscom.intervozes.org.br\/index.php?rest_route=\/wp\/v2\/users\/1"}],"replies":[{"embeddable":true,"href":"https:\/\/obscom.intervozes.org.br\/index.php?rest_route=%2Fwp%2Fv2%2Fcomments&post=26775"}],"version-history":[{"count":0,"href":"https:\/\/obscom.intervozes.org.br\/index.php?rest_route=\/wp\/v2\/posts\/26775\/revisions"}],"wp:attachment":[{"href":"https:\/\/obscom.intervozes.org.br\/index.php?rest_route=%2Fwp%2Fv2%2Fmedia&parent=26775"}],"wp:term":[{"taxonomy":"category","embeddable":true,"href":"https:\/\/obscom.intervozes.org.br\/index.php?rest_route=%2Fwp%2Fv2%2Fcategories&post=26775"},{"taxonomy":"post_tag","embeddable":true,"href":"https:\/\/obscom.intervozes.org.br\/index.php?rest_route=%2Fwp%2Fv2%2Ftags&post=26775"}],"curies":[{"name":"wp","href":"https:\/\/api.w.org\/{rel}","templated":true}]}}