{"id":26768,"date":"2012-03-27T18:12:05","date_gmt":"2012-03-27T18:12:05","guid":{"rendered":"https:\/\/obscom.intervozes.org.br\/wordpress\/?p=26768"},"modified":"2012-03-27T18:12:05","modified_gmt":"2012-03-27T18:12:05","slug":"cota-de-programa-nacional-ainda-nao-esta-em-vigor-tvs-ganham-mais-um-mes-de-adaptacao","status":"publish","type":"post","link":"https:\/\/obscom.intervozes.org.br\/?p=26768","title":{"rendered":"Cota de programa nacional ainda n\u00e3o est\u00e1 em vigor; TVs ganham mais um m\u00eas de adapta\u00e7\u00e3o"},"content":{"rendered":"<p><span class=\"padrao\">A nova lei para a regulamenta&ccedil;&atilde;o da TV por assinatura, que estabelece cotas de programa&ccedil;&atilde;o e canais nacionais, em vigor desde o dia 12 de mar&ccedil;o, ainda n&atilde;o est&aacute; valendo, informa o R7.<\/p>\n<p>A normatiza&ccedil;&atilde;o da Ag&ecirc;ncia Nacional de Cinema (Ancine) est&aacute; atrasada e, por isso, a nova regulamenta&ccedil;&atilde;o ainda n&atilde;o foi colocada em pr&aacute;tica. A publica&ccedil;&atilde;o de duas instru&ccedil;&otilde;es normativas (INs) estava prevista para este m&ecirc;s. No entanto, a data foi mudada para o pr&oacute;ximo m&ecirc;s.<\/p>\n<p>Entre essas instru&ccedil;&otilde;es, est&aacute; aquela que fala das cotas de conte&uacute;do nacional e limites de reprises e publicidade. A outra trata do credenciamento de empresas na Ancine.<\/p>\n<p>O prazo para as operadoras e programadoras se adaptarem &agrave;s novas regras era de tr&ecirc;s meses. Assim, as cotas s&oacute; entrar&atilde;o em vigor em julho.<\/p>\n<p>A lei determina que, em seu primeiro ano de vig&ecirc;ncia, os &quot;canais de conte&uacute;do qualificado&quot; (aqueles de filmes, s&eacute;ries, variedades e infantis) dediquem uma hora e dez minutos de suas programa&ccedil;&otilde;es por semana, durante o hor&aacute;rio nobre, para produ&ccedil;&otilde;es brasileiras, sendo que metade delas devem ser independentes. No terceiro ano da lei, a cota passar&aacute; para tr&ecirc;s horas e meia.<br \/>&nbsp;<\/span><\/p>\n","protected":false},"excerpt":{"rendered":"<p>A nova lei para a regulamenta&ccedil;&atilde;o da TV por assinatura, que estabelece cotas de programa&ccedil;&atilde;o e canais nacionais, em vigor desde o dia 12 de mar&ccedil;o, ainda n&atilde;o est&aacute; valendo, informa o R7. A normatiza&ccedil;&atilde;o da Ag&ecirc;ncia Nacional de Cinema (Ancine) est&aacute; atrasada e, por isso, a nova regulamenta&ccedil;&atilde;o ainda n&atilde;o foi colocada em pr&aacute;tica. &hellip; <a href=\"https:\/\/obscom.intervozes.org.br\/?p=26768\" class=\"more-link\">Continue lendo <span class=\"screen-reader-text\">Cota de programa nacional ainda n\u00e3o est\u00e1 em vigor; TVs ganham mais um m\u00eas de adapta\u00e7\u00e3o<\/span> <span class=\"meta-nav\">&rarr;<\/span><\/a><\/p>\n","protected":false},"author":1,"featured_media":0,"comment_status":"open","ping_status":"open","sticky":false,"template":"","format":"standard","meta":{"footnotes":""},"categories":[40],"tags":[148],"_links":{"self":[{"href":"https:\/\/obscom.intervozes.org.br\/index.php?rest_route=\/wp\/v2\/posts\/26768"}],"collection":[{"href":"https:\/\/obscom.intervozes.org.br\/index.php?rest_route=\/wp\/v2\/posts"}],"about":[{"href":"https:\/\/obscom.intervozes.org.br\/index.php?rest_route=\/wp\/v2\/types\/post"}],"author":[{"embeddable":true,"href":"https:\/\/obscom.intervozes.org.br\/index.php?rest_route=\/wp\/v2\/users\/1"}],"replies":[{"embeddable":true,"href":"https:\/\/obscom.intervozes.org.br\/index.php?rest_route=%2Fwp%2Fv2%2Fcomments&post=26768"}],"version-history":[{"count":0,"href":"https:\/\/obscom.intervozes.org.br\/index.php?rest_route=\/wp\/v2\/posts\/26768\/revisions"}],"wp:attachment":[{"href":"https:\/\/obscom.intervozes.org.br\/index.php?rest_route=%2Fwp%2Fv2%2Fmedia&parent=26768"}],"wp:term":[{"taxonomy":"category","embeddable":true,"href":"https:\/\/obscom.intervozes.org.br\/index.php?rest_route=%2Fwp%2Fv2%2Fcategories&post=26768"},{"taxonomy":"post_tag","embeddable":true,"href":"https:\/\/obscom.intervozes.org.br\/index.php?rest_route=%2Fwp%2Fv2%2Ftags&post=26768"}],"curies":[{"name":"wp","href":"https:\/\/api.w.org\/{rel}","templated":true}]}}