{"id":26760,"date":"2012-03-22T20:11:04","date_gmt":"2012-03-22T20:11:04","guid":{"rendered":"https:\/\/obscom.intervozes.org.br\/wordpress\/?p=26760"},"modified":"2012-03-22T20:11:04","modified_gmt":"2012-03-22T20:11:04","slug":"comunicacao-publica-precisa-de-regulacao-e-participacao","status":"publish","type":"post","link":"https:\/\/obscom.intervozes.org.br\/?p=26760","title":{"rendered":"Comunica\u00e7\u00e3o p\u00fablica precisa de regula\u00e7\u00e3o e participa\u00e7\u00e3o"},"content":{"rendered":"<p><span class=\"padrao\">A import&acirc;ncia de mecanismos para regula&ccedil;&atilde;o e controle social da comunica&ccedil;&atilde;o no Brasil tambem foi tema de debate no Semin&aacute;rio Internacional de Regula&ccedil;&atilde;o da Comunica&ccedil;&atilde;o P&uacute;blica, que se iniciou ontem (21), na C&acirc;mara dos Deputados.<\/p>\n<p>&ldquo;A democracia atravessa de maneira central a comunica&ccedil;&atilde;o: um pa&iacute;s n&atilde;o pode ser democr&aacute;tico se n&atilde;o democratizar seus meios de comunica&ccedil;&atilde;o&rdquo;, afirmou Let&iacute;cia Salas Torres, Diretora-Geral do Canal del Congreso, no M&eacute;xico. De acordo com Let&iacute;cia, os meios privados transmitem apenas uma vers&atilde;o simplista dos fatos e s&oacute; cobrem o Congresso Nacional quando h&aacute; um esc&acirc;ndalo. &ldquo;Mas n&atilde;o podemos esquecer que eles s&atilde;o os meios com maior acesso &agrave; sociedade&rdquo;, alertou.<\/p>\n<p>Recentemente, em pesquisa realizada pelo Canal do Congresso Mexicano, 69% da popula&ccedil;&atilde;o defendeu a exist&ecirc;ncia do canal e reivindicou que sua transmiss&atilde;o fosse aberta e n&atilde;o apenas na TV por assinatura, problema tamb&eacute;m enfrentado no Brasil. &nbsp;<\/p>\n<p><strong>Regula&ccedil;&atilde;o &eacute; garantia de liberdade de express&atilde;o<br \/><\/strong><br \/>&ldquo;Somente seremos um pa&iacute;s livre e plural se todos tiverem liberdade de expressar suas opini&otilde;es. Precisamos garantir que todos os pontos de vista sejam contemplados. A democratiza&ccedil;&atilde;o da informa&ccedil;&atilde;o passa pelo aperfei&ccedil;oamento da comunica&ccedil;&atilde;o p&uacute;blica&rdquo;, defendeu o presidente da C&acirc;mara, Marco Maia (PT-RS).<\/p>\n<p><span>A coordenadora do F&oacute;rum Nacional pelo Direito &agrave;  Comunica&ccedil;&atilde;o (FNDC), Rosana Bertotti, ressaltou a import&acirc;ncia de uma  participa&ccedil;&atilde;o ativa do Estado na elabora&ccedil;&atilde;o de um novo marco regulat&oacute;rio,  que entenda a comunica&ccedil;&atilde;o como um direito humano. &ldquo;O Brasil nunca olhou  estrategicamente para a comunica&ccedil;&atilde;o p&uacute;blica. Diferente de outros  pa&iacute;ses como Portugal e M&eacute;xico, o &nbsp;Brasil n&atilde;o tirou a comunica&ccedil;&atilde;o p&uacute;blica  como quest&atilde;o estrat&eacute;gica. Apenas tirou a complementariedade entre privado e p&uacute;blico, mas que na verdade n&atilde;o existe, porque nessa complementariedade &eacute; o sistema privado quem tem dado a linha.&rdquo;<\/span><\/p>\n<p>De acordo com o presidente da Empresa Brasil de Comunica&ccedil;&atilde;o (EBC), Nelson Breve, h&aacute; um falso debate entre regula&ccedil;&atilde;o e censura: &ldquo;o que se quer, ao criar regras, &eacute; que se d&ecirc; o direito ao cidad&atilde;o. Direito de saber de forma imparcial, sem preconceitos, com pluralidade. Em democracias consolidadas, a regulamenta&ccedil;&atilde;o &eacute; a regra&rdquo;.<\/p>\n<p>&ldquo;A maturidade democr&aacute;tica passa cada vez mais pela democratiza&ccedil;&atilde;o da comunica&ccedil;&atilde;o&rdquo;, afirmou Cezar Alvarez, secret&aacute;rio executivo do Minist&eacute;rio das Comunica&ccedil;&otilde;es, &ldquo;a comunica&ccedil;&atilde;o comunit&aacute;ria e os ve&iacute;culos legislativos devem ser instrumentos de permanente acompanhamento e audi&ccedil;&atilde;o instant&acirc;nea dos trabalhos realizados no Congresso pela popula&ccedil;&atilde;o, para garantir o processo de&nbsp; accountability&rdquo;. <\/p>\n<p>Cezar tamb&eacute;m ressaltou a import&acirc;ncia de mais transpar&ecirc;ncia e agilidade no processo de regulariza&ccedil;&atilde;o das r&aacute;dios comunit&aacute;rias e de se revisar a legisla&ccedil;&atilde;o espec&iacute;fica, que, entre outros problemas, limita a transmiss&atilde;o a&nbsp; apenas um quil&ocirc;metro de raio.<\/p>\n<p>A ouvidora-geral da EBC, Regina Lima, apresentou uma s&eacute;rie de experi&ecirc;ncias in&eacute;ditas realizadas pela emissora. Hoje, a ouvidoria tem espa&ccedil;o garantido na programa&ccedil;&atilde;o televisiva, radiof&ocirc;nica e online, com os programas &ldquo;O p&uacute;blico na TV&rdquo;, &ldquo;R&aacute;dio em Debate&rdquo; e a coluna da ouvidoria, na Ag&ecirc;ncia Brasil. &ldquo;Todos esses programas s&atilde;o pautados a partir das manifesta&ccedil;&otilde;es da audi&ecirc;ncia. Nosso objetivo &eacute; que o retorno do p&uacute;blico provoque mudan&ccedil;as na empresa, para aprimorar nosso trabalho&rdquo;, afirmou. Uma das novidades promovidas a partir da participa&ccedil;&atilde;o externa foi a cria&ccedil;&atilde;o de uma editoria de cultura na Ag&ecirc;ncia Brasil, ap&oacute;s a reclama&ccedil;&atilde;o de um leitor sobre a falta de destaque para a tem&aacute;tica.<\/p>\n<p>Regina ainda apontou uma s&eacute;rie de iniciativas que est&atilde;o sendo implementadas na EBC, como a realiza&ccedil;&atilde;o de audi&ecirc;ncias p&uacute;blicas, o desenvolvimento de um programa permanente de educa&ccedil;&atilde;o para a m&iacute;dia, a cria&ccedil;&atilde;o de comit&ecirc;s de usu&aacute;rios e de um servi&ccedil;o 0800.<\/span><\/p>\n","protected":false},"excerpt":{"rendered":"<p><span class=\"padrao\">Experi&ecirc;ncias de participa&ccedil;&atilde;o da popula&ccedil;&atilde;o nas emissoras do Congresso do M&eacute;xico e da Empresa Brasil de Comunica&ccedil;&atilde;o (EBC) s&atilde;o destaques na programa&ccedil;&atilde;o do Semin&aacute;rio Internacional<\/span><\/p>\n","protected":false},"author":1,"featured_media":0,"comment_status":"open","ping_status":"open","sticky":false,"template":"","format":"standard","meta":{"footnotes":""},"categories":[40],"tags":[703],"_links":{"self":[{"href":"https:\/\/obscom.intervozes.org.br\/index.php?rest_route=\/wp\/v2\/posts\/26760"}],"collection":[{"href":"https:\/\/obscom.intervozes.org.br\/index.php?rest_route=\/wp\/v2\/posts"}],"about":[{"href":"https:\/\/obscom.intervozes.org.br\/index.php?rest_route=\/wp\/v2\/types\/post"}],"author":[{"embeddable":true,"href":"https:\/\/obscom.intervozes.org.br\/index.php?rest_route=\/wp\/v2\/users\/1"}],"replies":[{"embeddable":true,"href":"https:\/\/obscom.intervozes.org.br\/index.php?rest_route=%2Fwp%2Fv2%2Fcomments&post=26760"}],"version-history":[{"count":0,"href":"https:\/\/obscom.intervozes.org.br\/index.php?rest_route=\/wp\/v2\/posts\/26760\/revisions"}],"wp:attachment":[{"href":"https:\/\/obscom.intervozes.org.br\/index.php?rest_route=%2Fwp%2Fv2%2Fmedia&parent=26760"}],"wp:term":[{"taxonomy":"category","embeddable":true,"href":"https:\/\/obscom.intervozes.org.br\/index.php?rest_route=%2Fwp%2Fv2%2Fcategories&post=26760"},{"taxonomy":"post_tag","embeddable":true,"href":"https:\/\/obscom.intervozes.org.br\/index.php?rest_route=%2Fwp%2Fv2%2Ftags&post=26760"}],"curies":[{"name":"wp","href":"https:\/\/api.w.org\/{rel}","templated":true}]}}