{"id":26759,"date":"2012-03-22T19:26:42","date_gmt":"2012-03-22T19:26:42","guid":{"rendered":"https:\/\/obscom.intervozes.org.br\/wordpress\/?p=26759"},"modified":"2012-03-22T19:26:42","modified_gmt":"2012-03-22T19:26:42","slug":"banda-larga-oi-divide-com-governo-ma-qualidade-do-servico-na-regiao-norte","status":"publish","type":"post","link":"https:\/\/obscom.intervozes.org.br\/?p=26759","title":{"rendered":"Banda Larga: Oi divide com Governo m\u00e1 qualidade do servi\u00e7o na Regi\u00e3o Norte"},"content":{"rendered":"<p><span class=\"padrao\">Principal alvo das queixas de parlamentares da regi&atilde;o Norte, a Oi esquivou-se das cr&iacute;ticas &agrave; p&eacute;ssima cobertura e qualidade dos servi&ccedil;os com promessas de melhorias no futuro, escudou-se em cronogramas aprovados pelo Minist&eacute;rio das Comunica&ccedil;&otilde;es e ainda reclamou da falta de instala&ccedil;&atilde;o de fibras &oacute;pticas pelo Estado.<\/p>\n<p>&ldquo;A Oi n&atilde;o cumpriu nenhum dos prazos. O backhaul, na regi&atilde;o Norte, &eacute; med&iacute;ocre e essa empresa ainda inventa cobran&ccedil;as aos munic&iacute;pios que sequer existem nos regulamentos. Al&eacute;m disso, se a oferta no varejo &eacute; m&iacute;nima, os estados do Norte foram banidos de ofertas no atacado&rdquo;, disparou o deputado estadual Marco Ant&ocirc;nio da Costa (PSD), mais conhecido como Chico Preto.<\/p>\n<p>Embora cr&iacute;ticas ainda mais severas tenham ficado para uma audi&ecirc;ncia p&uacute;blica a ser realizada em Manaus, na pr&oacute;xima semana, Chico Preto n&atilde;o foi uma voz solit&aacute;ria durante debate nesta quarta-feira, 21\/3, no Senado Federal. Os senadores &Acirc;ngela Portela (PT-RR), Anibal Diniz (PT-AC) e Randolfe Rodrigues (PSOL-AP) fizeram coro &agrave;s reclama&ccedil;&otilde;es.<\/p>\n<p>&ldquo;A Oi cumpriu todos os prazos&rdquo;, rebateu o diretor de rela&ccedil;&otilde;es institucionais da concession&aacute;ria, Marcos Mesquita. &ldquo;As metas s&atilde;o nacionais, n&atilde;o regionais, e ser&atilde;o cumpridas at&eacute; 31 de dezembro de 2014&rdquo;, explicou, referindo-se ao acordo das teles com o Minicom para oferta de servi&ccedil;os de acesso &agrave; Internet por R$ 35, para 1 Mbps.<\/p>\n<p>Segundo a senadora &Acirc;ngela Portela, a Oi recebeu recursos do BNDES para a implanta&ccedil;&atilde;o de fibras &oacute;pticas que ainda n&atilde;o se materializaram. A operadora argumentou que metade dos recursos &ndash; de um total previsto de R$ 890 milh&otilde;es &ndash; n&atilde;o foi liberada. Al&eacute;m disso, o diretor da empresa sustentou que parte das conex&otilde;es n&atilde;o aconteceram porque a tele ainda aguarda a conclus&atilde;o da linha de transmiss&atilde;o da usina de Tucuru&iacute;, no Par&aacute;, em dire&ccedil;&atilde;o a Manaus e Macap&aacute;.<\/p>\n<p>&ldquo;Precisamos da infraestrutura, como do Linh&atilde;o de Tucuru&iacute;, para comprarmos essa capacidade e prestarmos o servi&ccedil;o. Na medida em que a regi&atilde;o Norte for servida de infraestrutura em geral, as telecomunica&ccedil;&otilde;es vir&atilde;o atr&aacute;s disso&rdquo;, completou Mesquita.<\/p>\n<p>Vale lembrar que parte das obriga&ccedil;&otilde;es de implanta&ccedil;&atilde;o de infraestrutura foi imposta &agrave; Oi ainda no processo de aquisi&ccedil;&atilde;o da Brasil Telecom &ndash; condicionantes fixadas pela Anatel para a autoriza&ccedil;&atilde;o da fus&atilde;o. Mas n&atilde;o chega a surpreender que a empresa aguarde por outras empresas, especialmente do setor el&eacute;trico, fazerem a instala&ccedil;&atilde;o das redes. Mesmo em estados pr&oacute;speros e populosos, como Minas Gerais, a empresa depende das redes de energia para oferecer os servi&ccedil;os.<\/p>\n<p><\/span><\/p>\n","protected":false},"excerpt":{"rendered":"<p>Principal alvo das queixas de parlamentares da regi&atilde;o Norte, a Oi esquivou-se das cr&iacute;ticas &agrave; p&eacute;ssima cobertura e qualidade dos servi&ccedil;os com promessas de melhorias no futuro, escudou-se em cronogramas aprovados pelo Minist&eacute;rio das Comunica&ccedil;&otilde;es e ainda reclamou da falta de instala&ccedil;&atilde;o de fibras &oacute;pticas pelo Estado. &ldquo;A Oi n&atilde;o cumpriu nenhum dos prazos. O &hellip; <a href=\"https:\/\/obscom.intervozes.org.br\/?p=26759\" class=\"more-link\">Continue lendo <span class=\"screen-reader-text\">Banda Larga: Oi divide com Governo m\u00e1 qualidade do servi\u00e7o na Regi\u00e3o Norte<\/span> <span class=\"meta-nav\">&rarr;<\/span><\/a><\/p>\n","protected":false},"author":1,"featured_media":0,"comment_status":"open","ping_status":"open","sticky":false,"template":"","format":"standard","meta":{"footnotes":""},"categories":[40],"tags":[407],"_links":{"self":[{"href":"https:\/\/obscom.intervozes.org.br\/index.php?rest_route=\/wp\/v2\/posts\/26759"}],"collection":[{"href":"https:\/\/obscom.intervozes.org.br\/index.php?rest_route=\/wp\/v2\/posts"}],"about":[{"href":"https:\/\/obscom.intervozes.org.br\/index.php?rest_route=\/wp\/v2\/types\/post"}],"author":[{"embeddable":true,"href":"https:\/\/obscom.intervozes.org.br\/index.php?rest_route=\/wp\/v2\/users\/1"}],"replies":[{"embeddable":true,"href":"https:\/\/obscom.intervozes.org.br\/index.php?rest_route=%2Fwp%2Fv2%2Fcomments&post=26759"}],"version-history":[{"count":0,"href":"https:\/\/obscom.intervozes.org.br\/index.php?rest_route=\/wp\/v2\/posts\/26759\/revisions"}],"wp:attachment":[{"href":"https:\/\/obscom.intervozes.org.br\/index.php?rest_route=%2Fwp%2Fv2%2Fmedia&parent=26759"}],"wp:term":[{"taxonomy":"category","embeddable":true,"href":"https:\/\/obscom.intervozes.org.br\/index.php?rest_route=%2Fwp%2Fv2%2Fcategories&post=26759"},{"taxonomy":"post_tag","embeddable":true,"href":"https:\/\/obscom.intervozes.org.br\/index.php?rest_route=%2Fwp%2Fv2%2Ftags&post=26759"}],"curies":[{"name":"wp","href":"https:\/\/api.w.org\/{rel}","templated":true}]}}