{"id":26757,"date":"2012-03-22T19:19:54","date_gmt":"2012-03-22T19:19:54","guid":{"rendered":"https:\/\/obscom.intervozes.org.br\/wordpress\/?p=26757"},"modified":"2012-03-22T19:19:54","modified_gmt":"2012-03-22T19:19:54","slug":"paulo-bernardo-quer-que-definicao-sobre-bens-reversiveis-comece-logo","status":"publish","type":"post","link":"https:\/\/obscom.intervozes.org.br\/?p=26757","title":{"rendered":"Paulo Bernardo quer que defini\u00e7\u00e3o sobre bens revers\u00edveis comece logo"},"content":{"rendered":"<p><span class=\"padrao\">O governo resolveu mudar radicalmente seudiscurso sobre bens revers&iacute;veis. H&aacute; menos de um ano, o discurso da Anatel e do Minicom fazia quest&atilde;o de lembrar que isso s&oacute; seria enfrentado em 2025, ao final das concess&otilde;es. Agora, depois que a Anatel se pronunciou sobre um caso concreto (o pedido da Telef&ocirc;nica referente ao seu edif&iacute;cio sede), o assunto ganhou at&eacute; ares de urg&ecirc;ncia.<\/p>\n<p>O ministro Paulo Bernardo deu sua opini&atilde;o sobre o assunto em audi&ecirc;ncia p&uacute;blica nesta ter&ccedil;a, 20, no Senado. &quot;A boa pr&aacute;tica de planejamento sugere que comecemos a discutir isso logo. N&atilde;o d&aacute; para esperar at&eacute; o &uacute;ltimo ano&quot;, disse Bernardo. O problema decorre de um aspecto colocado pelo conselheiro da Anatel, Rodrigo Zerbone, em seu voto sobre o caso da Telef&ocirc;nica. Ele alertou para a necessidade de defini&ccedil;&atilde;o da metodologia de c&aacute;lculo da indeniza&ccedil;&atilde;o que o poder p&uacute;blico pagar&aacute; &agrave;s teles pela parcela n&atilde;o amortizada de investimentos feitos no bens revers&iacute;veis.<\/p>\n<p>O ministro reconheceu que a telefonia fixa vem perdendo a import&acirc;ncia diante de outras formas de comunica&ccedil;&atilde;o, especialmente a m&oacute;vel, o que torna o ativo que ser&aacute; devolvido ao Estado cada vez mais sem valor. Para ele, o telefone popular (Aice) &quot;pode ser uma sa&iacute;da&quot; para a telefonia fixa ficar mais atraente.<\/p>\n<p>Bernardo tamb&eacute;m mencionou que, a exemplo do que est&aacute; sendo discutido no setor el&eacute;trico, o minist&eacute;rio poderia prorrogar as concess&otilde;es. Segundo ele, as concession&aacute;rias perderam 4,5 milh&otilde;es de clientes em 4 anos, mesmo per&iacute;odo em que as autorizadas como Net e GVT ganharam 8,5 milh&otilde;es, o que mostra que o telefone fixo ainda &eacute; desejado pelas pessoas. A diferen&ccedil;a nos dois casos, para o ministro, &eacute; a tarifa b&aacute;sica cobrada pelas concession&aacute;rias, que acaba desestimulando os clientes a continuarem com a linha fixa.<br \/>&nbsp;<\/p>\n<p><\/span><\/p>\n","protected":false},"excerpt":{"rendered":"<p>O governo resolveu mudar radicalmente seudiscurso sobre bens revers&iacute;veis. H&aacute; menos de um ano, o discurso da Anatel e do Minicom fazia quest&atilde;o de lembrar que isso s&oacute; seria enfrentado em 2025, ao final das concess&otilde;es. Agora, depois que a Anatel se pronunciou sobre um caso concreto (o pedido da Telef&ocirc;nica referente ao seu edif&iacute;cio &hellip; <a href=\"https:\/\/obscom.intervozes.org.br\/?p=26757\" class=\"more-link\">Continue lendo <span class=\"screen-reader-text\">Paulo Bernardo quer que defini\u00e7\u00e3o sobre bens revers\u00edveis comece logo<\/span> <span class=\"meta-nav\">&rarr;<\/span><\/a><\/p>\n","protected":false},"author":1,"featured_media":0,"comment_status":"open","ping_status":"open","sticky":false,"template":"","format":"standard","meta":{"footnotes":""},"categories":[40],"tags":[81],"_links":{"self":[{"href":"https:\/\/obscom.intervozes.org.br\/index.php?rest_route=\/wp\/v2\/posts\/26757"}],"collection":[{"href":"https:\/\/obscom.intervozes.org.br\/index.php?rest_route=\/wp\/v2\/posts"}],"about":[{"href":"https:\/\/obscom.intervozes.org.br\/index.php?rest_route=\/wp\/v2\/types\/post"}],"author":[{"embeddable":true,"href":"https:\/\/obscom.intervozes.org.br\/index.php?rest_route=\/wp\/v2\/users\/1"}],"replies":[{"embeddable":true,"href":"https:\/\/obscom.intervozes.org.br\/index.php?rest_route=%2Fwp%2Fv2%2Fcomments&post=26757"}],"version-history":[{"count":0,"href":"https:\/\/obscom.intervozes.org.br\/index.php?rest_route=\/wp\/v2\/posts\/26757\/revisions"}],"wp:attachment":[{"href":"https:\/\/obscom.intervozes.org.br\/index.php?rest_route=%2Fwp%2Fv2%2Fmedia&parent=26757"}],"wp:term":[{"taxonomy":"category","embeddable":true,"href":"https:\/\/obscom.intervozes.org.br\/index.php?rest_route=%2Fwp%2Fv2%2Fcategories&post=26757"},{"taxonomy":"post_tag","embeddable":true,"href":"https:\/\/obscom.intervozes.org.br\/index.php?rest_route=%2Fwp%2Fv2%2Ftags&post=26757"}],"curies":[{"name":"wp","href":"https:\/\/api.w.org\/{rel}","templated":true}]}}