{"id":26744,"date":"2012-03-19T22:56:09","date_gmt":"2012-03-19T22:56:09","guid":{"rendered":"https:\/\/obscom.intervozes.org.br\/wordpress\/?p=26744"},"modified":"2012-03-19T22:56:09","modified_gmt":"2012-03-19T22:56:09","slug":"persiste-polemica-sobre-flexibilizacao-da-voz-do-brasil","status":"publish","type":"post","link":"https:\/\/obscom.intervozes.org.br\/?p=26744","title":{"rendered":"Persiste pol\u00eamica sobre flexibiliza\u00e7\u00e3o da Voz do Brasil"},"content":{"rendered":"<p><span class=\"padrao\">Persiste na C&acirc;mara a pol&ecirc;mica em torno da proposta que flexibiliza o hor&aacute;rio de transmiss&atilde;o da Voz do Brasil pelas emissoras de r&aacute;dio comerciais e comunit&aacute;rias (Projeto de Lei 595\/03). A proposta tem o apoio do governo, do presidente da C&acirc;mara, deputado Marco Maia (PT-RS), e do presidente da Comiss&atilde;o de Ci&ecirc;ncia e Tecnologia, Comunica&ccedil;&atilde;o e Inform&aacute;tica, deputado Eduardo Azeredo (PSDB-MG). Por&eacute;m, enfrenta resist&ecirc;ncias de diversos parlamentares, como da vice-presidente da C&acirc;mara, deputada Rose de Freitas (PMDB-ES), e de setores do PT, como o l&iacute;der da bancada, deputado Jilmar Tatto (SP). De acordo com Tatto, n&atilde;o h&aacute; posi&ccedil;&atilde;o fechada no partido sobre o assunto.<\/p>\n<p>De autoria da deputada Perp&eacute;tua Almeida (PCdoB-AC), a proposta depende de acordo para vota&ccedil;&atilde;o pelo Plen&aacute;rio. O projeto j&aacute; havia sido aprovado pelos deputados em 2006 e foi alterado no Senado, retornando para a C&acirc;mara em dezembro de 2010. No ano passado, o substitutivo do Senado foi aprovado pelas comiss&otilde;es de Ci&ecirc;ncia e Tecnologia, Comunica&ccedil;&atilde;o e Inform&aacute;tica; e de Constitui&ccedil;&atilde;o e Justi&ccedil;a e de Cidadania.<\/p>\n<p>Na CCJ, dez deputados votaram contrariamente &agrave; mat&eacute;ria, entre eles os deputados Jilmar Tatto, Alessandro Molon (PT-RJ), Jo&atilde;o Paulo Cunha (PT-SP), Luiz Couto (PT-PB), Anthony Garotinho (PP-RJ) e Esperidi&atilde;o Amin (PP-SC).<\/p>\n<p><strong>Novo hor&aacute;rio<br \/><\/strong><br \/>De acordo com o texto aprovado, as emissoras comerciais e comunit&aacute;rias ficam liberadas para transmitir o programa oficial dos tr&ecirc;s Poderes no per&iacute;odo entre as 19 e as 22 horas (hor&aacute;rio oficial de Bras&iacute;lia). Atualmente, o programa &eacute; transmitido obrigatoriamente das 19 &agrave;s 20 horas.<\/p>\n<p>J&aacute; as emissoras educativas permanecem com a obriga&ccedil;&atilde;o de veicular o programa &agrave;s 19 horas. As emissoras legislativas (da C&acirc;mara dos Deputados, do Senado, de assembleias legislativas e de c&acirc;maras municipais) tamb&eacute;m permanecem com o hor&aacute;rio das 19 horas, exceto se nesse hor&aacute;rio houver sess&atilde;o deliberativa no Plen&aacute;rio da respectiva Casa. Nesse caso, a transmiss&atilde;o poder&aacute; ocorrer entre 19 e 22 horas. Atualmente, a lei trata de forma igual todos os tipos de emissora. Os casos excepcionais de flexibiliza&ccedil;&atilde;o ou dispensa de retransmiss&atilde;o do programa ser&atilde;o regulamentados pelo Poder Executivo.<\/p>\n<p><strong>Novas op&ccedil;&otilde;es<br \/><\/strong><br \/>O ministro das Comunica&ccedil;&otilde;es, Paulo Bernardo, considera a proposta razo&aacute;vel. &ldquo;Claro que &eacute; um problema que tem que ser resolvido no Legislativo, mas da parte do governo n&atilde;o tem &oacute;bice&rdquo;, disse. &ldquo;A flexibiliza&ccedil;&atilde;o d&aacute; uma op&ccedil;&atilde;o a mais para o radiodifusor e tamb&eacute;m para o ouvinte&rdquo;, completou.<\/p>\n<p>Para o deputado Marco Maia, &eacute; preciso modernizar a lei para enquadr&aacute;-la nos novos tempos do r&aacute;dio no Brasil. &ldquo;A Voz do Brasil servia para uma &eacute;poca onde se tinha uma quest&atilde;o mais dura em rela&ccedil;&atilde;o &agrave;s informa&ccedil;&otilde;es do Parlamento&rdquo;, disse. &ldquo;Hoje, o cidad&atilde;o tem que ter o direito de escolher se ele quer ouvir aquilo que est&aacute; sendo tratado em Bras&iacute;lia, se quer ouvir uma m&uacute;sica, um futebol&rdquo;, complementou.<\/p>\n<p><strong>Brasil urbano X rural<br \/><\/strong><br \/>O presidente da Comiss&atilde;o de Ci&ecirc;ncia e Tecnologia, deputado Eduardo Azeredo (PSDB-MG), tamb&eacute;m acredita que a flexibiliza&ccedil;&atilde;o &eacute; uma adapta&ccedil;&atilde;o &agrave; nova realidade. &ldquo;Quando a Voz do Brasil foi criada, n&atilde;o existiam outros meios de divulga&ccedil;&atilde;o das atividades dos diferentes Poderes, como a TV C&acirc;mara e R&aacute;dio C&acirc;mara&rdquo;, lembra. Al&eacute;m disso, Azeredo destaca que as emissoras, nas grandes cidades, transmitem informa&ccedil;&otilde;es relevantes sobre a situa&ccedil;&atilde;o do tr&acirc;nsito no hor&aacute;rio de 19 horas. Ele defende a vota&ccedil;&atilde;o da proposta e diz que o PSDB &eacute; favor&aacute;vel.<\/p>\n<p>J&aacute; a deputada Rose de Freitas destaca a import&acirc;ncia da transmiss&atilde;o das not&iacute;cias sobre as atividades do governo para a popula&ccedil;&atilde;o do interior do Brasil. &ldquo;O universo das pessoas que tem apenas um radinho como meio de comunica&ccedil;&atilde;o &eacute; um percentual alto da popula&ccedil;&atilde;o&rdquo;, disse. &ldquo;A Voz do Brasil faz parte da cultura popular, da cultura de informa&ccedil;&atilde;o do povo&rdquo;, complementou. A vice-presidente da C&acirc;mara defende a manuten&ccedil;&atilde;o da transmiss&atilde;o obrigat&oacute;ria da Voz Brasil no hor&aacute;rio das 19 horas.<\/p>\n<p><strong>Jogos de futebol<br \/><\/strong><br \/>O relator da proposta na Comiss&atilde;o de Ci&ecirc;ncia e Tecnologia, deputado Jos&eacute; Rocha (PR-BA), ressalta que a flexibiliza&ccedil;&atilde;o do hor&aacute;rio d&aacute; oportunidade para as emissoras transmitirem os jogos de futebol que se iniciem &agrave;s 19 horas. &ldquo;Isso &eacute; uma vantagem importante, porque hoje o torcedor fica impedido de ouvir, por exemplo, os jogos da sele&ccedil;&atilde;o brasileira &agrave;s 19 horas&rdquo;, afirma. A proposta tem apoio da Associa&ccedil;&atilde;o Brasileira de Emissoras de R&aacute;dio e Televis&atilde;o (Abert).<\/p>\n<p>A proposta altera o C&oacute;digo Brasileiro de Telecomunica&ccedil;&otilde;es (Lei 4.117\/62).<br \/>Continua:<\/p>\n<p>Saiba mais sobre a Voz do Brasil<\/p>\n<p>&Iacute;ntegra da proposta:<\/p>\n<p>PL-595\/2003<\/p>\n<p>Edi&ccedil;&atilde;o &ndash; Wilson Silveira<\/span><\/p>\n","protected":false},"excerpt":{"rendered":"<p>Persiste na C&acirc;mara a pol&ecirc;mica em torno da proposta que flexibiliza o hor&aacute;rio de transmiss&atilde;o da Voz do Brasil pelas emissoras de r&aacute;dio comerciais e comunit&aacute;rias (Projeto de Lei 595\/03). A proposta tem o apoio do governo, do presidente da C&acirc;mara, deputado Marco Maia (PT-RS), e do presidente da Comiss&atilde;o de Ci&ecirc;ncia e Tecnologia, Comunica&ccedil;&atilde;o &hellip; <a href=\"https:\/\/obscom.intervozes.org.br\/?p=26744\" class=\"more-link\">Continue lendo <span class=\"screen-reader-text\">Persiste pol\u00eamica sobre flexibiliza\u00e7\u00e3o da Voz do Brasil<\/span> <span class=\"meta-nav\">&rarr;<\/span><\/a><\/p>\n","protected":false},"author":1,"featured_media":0,"comment_status":"open","ping_status":"open","sticky":false,"template":"","format":"standard","meta":{"footnotes":""},"categories":[40],"tags":[164],"_links":{"self":[{"href":"https:\/\/obscom.intervozes.org.br\/index.php?rest_route=\/wp\/v2\/posts\/26744"}],"collection":[{"href":"https:\/\/obscom.intervozes.org.br\/index.php?rest_route=\/wp\/v2\/posts"}],"about":[{"href":"https:\/\/obscom.intervozes.org.br\/index.php?rest_route=\/wp\/v2\/types\/post"}],"author":[{"embeddable":true,"href":"https:\/\/obscom.intervozes.org.br\/index.php?rest_route=\/wp\/v2\/users\/1"}],"replies":[{"embeddable":true,"href":"https:\/\/obscom.intervozes.org.br\/index.php?rest_route=%2Fwp%2Fv2%2Fcomments&post=26744"}],"version-history":[{"count":0,"href":"https:\/\/obscom.intervozes.org.br\/index.php?rest_route=\/wp\/v2\/posts\/26744\/revisions"}],"wp:attachment":[{"href":"https:\/\/obscom.intervozes.org.br\/index.php?rest_route=%2Fwp%2Fv2%2Fmedia&parent=26744"}],"wp:term":[{"taxonomy":"category","embeddable":true,"href":"https:\/\/obscom.intervozes.org.br\/index.php?rest_route=%2Fwp%2Fv2%2Fcategories&post=26744"},{"taxonomy":"post_tag","embeddable":true,"href":"https:\/\/obscom.intervozes.org.br\/index.php?rest_route=%2Fwp%2Fv2%2Ftags&post=26744"}],"curies":[{"name":"wp","href":"https:\/\/api.w.org\/{rel}","templated":true}]}}