{"id":26743,"date":"2012-03-19T22:49:34","date_gmt":"2012-03-19T22:49:34","guid":{"rendered":"https:\/\/obscom.intervozes.org.br\/wordpress\/?p=26743"},"modified":"2012-03-19T22:49:34","modified_gmt":"2012-03-19T22:49:34","slug":"decisao-coloca-uniao-como-responsavel-pela-regulamentacao-de-volume-na-tv","status":"publish","type":"post","link":"https:\/\/obscom.intervozes.org.br\/?p=26743","title":{"rendered":"Decis\u00e3o coloca Uni\u00e3o como respons\u00e1vel pela regulamenta\u00e7\u00e3o de volume na TV"},"content":{"rendered":"<p><span class=\"padrao\">A 10&ordf; Vara Federal C&iacute;vel da Justi&ccedil;a Federal de S&atilde;o Paulo condenou a Uni&atilde;o a criar uma regulamenta&ccedil;&atilde;o para que as emissoras mantenham o mesmo volume durante a programa&ccedil;&atilde;o, sem eleva&ccedil;&otilde;es injustificadas, em at&eacute; 120 dias, informa o Terra.<\/p>\n<p>Para o Minist&eacute;rio P&uacute;blico, a eleva&ccedil;&atilde;o de volume nos intervalos afeta principalmente crian&ccedil;as e adolescentes. De acordo com laudos t&eacute;cnicos-periciais, os canais voltados para as crian&ccedil;as t&ecirc;m uma varia&ccedil;&atilde;o sonora maior do que em outras emissoras e, por essa raz&atilde;o, crian&ccedil;as podem ter sofrido danos, destaca a senten&ccedil;a.<\/p>\n<p>Em nota, o Minist&eacute;rio das Comunica&ccedil;&otilde;es informou que &quot;a eleva&ccedil;&atilde;o injustificada de volume nos intervalos comerciais (&#8230;) &eacute; conhecida pelo nome t&eacute;cnico de loudness e ocorre n&atilde;o apenas nos intervalos comerciais, mas ao longo de toda a programa&ccedil;&atilde;o&quot;.<\/p>\n<p>A Uni&atilde;o tem o prazo de 120 dias para criar uma regulamenta&ccedil;&atilde;o e a fiscaliza&ccedil;&atilde;o deve come&ccedil;ar imediatamente. A emissora que descumprir a norma pode ter sua transmiss&atilde;o suspensa por 30 dias.<\/p>\n<p>A ju&iacute;za Leila Paiva, na decis&atilde;o, entendeu que a responsabilidade de regulamenta&ccedil;&atilde;o n&atilde;o &eacute; da Anatel, mas que cabe &agrave; Uni&atilde;o criar uma norma.<\/p>\n<p><\/span><\/p>\n","protected":false},"excerpt":{"rendered":"<p>A 10&ordf; Vara Federal C&iacute;vel da Justi&ccedil;a Federal de S&atilde;o Paulo condenou a Uni&atilde;o a criar uma regulamenta&ccedil;&atilde;o para que as emissoras mantenham o mesmo volume durante a programa&ccedil;&atilde;o, sem eleva&ccedil;&otilde;es injustificadas, em at&eacute; 120 dias, informa o Terra. Para o Minist&eacute;rio P&uacute;blico, a eleva&ccedil;&atilde;o de volume nos intervalos afeta principalmente crian&ccedil;as e adolescentes. De &hellip; <a href=\"https:\/\/obscom.intervozes.org.br\/?p=26743\" class=\"more-link\">Continue lendo <span class=\"screen-reader-text\">Decis\u00e3o coloca Uni\u00e3o como respons\u00e1vel pela regulamenta\u00e7\u00e3o de volume na TV<\/span> <span class=\"meta-nav\">&rarr;<\/span><\/a><\/p>\n","protected":false},"author":1,"featured_media":0,"comment_status":"open","ping_status":"open","sticky":false,"template":"","format":"standard","meta":{"footnotes":""},"categories":[40],"tags":[390],"_links":{"self":[{"href":"https:\/\/obscom.intervozes.org.br\/index.php?rest_route=\/wp\/v2\/posts\/26743"}],"collection":[{"href":"https:\/\/obscom.intervozes.org.br\/index.php?rest_route=\/wp\/v2\/posts"}],"about":[{"href":"https:\/\/obscom.intervozes.org.br\/index.php?rest_route=\/wp\/v2\/types\/post"}],"author":[{"embeddable":true,"href":"https:\/\/obscom.intervozes.org.br\/index.php?rest_route=\/wp\/v2\/users\/1"}],"replies":[{"embeddable":true,"href":"https:\/\/obscom.intervozes.org.br\/index.php?rest_route=%2Fwp%2Fv2%2Fcomments&post=26743"}],"version-history":[{"count":0,"href":"https:\/\/obscom.intervozes.org.br\/index.php?rest_route=\/wp\/v2\/posts\/26743\/revisions"}],"wp:attachment":[{"href":"https:\/\/obscom.intervozes.org.br\/index.php?rest_route=%2Fwp%2Fv2%2Fmedia&parent=26743"}],"wp:term":[{"taxonomy":"category","embeddable":true,"href":"https:\/\/obscom.intervozes.org.br\/index.php?rest_route=%2Fwp%2Fv2%2Fcategories&post=26743"},{"taxonomy":"post_tag","embeddable":true,"href":"https:\/\/obscom.intervozes.org.br\/index.php?rest_route=%2Fwp%2Fv2%2Ftags&post=26743"}],"curies":[{"name":"wp","href":"https:\/\/api.w.org\/{rel}","templated":true}]}}