{"id":26742,"date":"2012-03-16T19:53:09","date_gmt":"2012-03-16T19:53:09","guid":{"rendered":"https:\/\/obscom.intervozes.org.br\/wordpress\/?p=26742"},"modified":"2012-03-16T19:53:09","modified_gmt":"2012-03-16T19:53:09","slug":"ministerio-da-justica-lanca-projeto-sobre-midia-e-infancia","status":"publish","type":"post","link":"https:\/\/obscom.intervozes.org.br\/?p=26742","title":{"rendered":"Minist\u00e9rio da Justi\u00e7a lan\u00e7a projeto sobre m\u00eddia e inf\u00e2ncia"},"content":{"rendered":"<p><strong>Reda&ccedil;&atilde;o &#8211; Observat&oacute;rio do Direito &agrave; Comunica&ccedil;&atilde;o<\/strong><\/p>\n<p>O Minist&eacute;rio da Justi&ccedil;a, em parceria com a Unesco, lan&ccedil;a nesta segunda (19\/3) o projeto &ldquo;Liberdade de express&atilde;o, Educa&ccedil;&atilde;o para m&iacute;dia, Comunica&ccedil;&atilde;o e os Direitos da Crian&ccedil;a e do Adolescente&rdquo;, com a palestra de Toby Mendel, especialista internacional em direitos humanos e comunica&ccedil;&atilde;o. Tamb&eacute;m ser&aacute; divulgado o &ldquo;Novo Guia Pr&aacute;tico da Classifica&ccedil;&atilde;o Indicativa&rdquo; e a Campanha &ldquo;N&atilde;o se engane, tem coisas que seu filho n&atilde;o est&aacute; preparado para ver&rdquo;. O evento ser&aacute; &agrave;s 14h, no audit&oacute;rio Tancredo Neves do Minist&eacute;rio da Justi&ccedil;a.<\/p>\n","protected":false},"excerpt":{"rendered":"<p>Reda&ccedil;&atilde;o &#8211; Observat&oacute;rio do Direito &agrave; Comunica&ccedil;&atilde;o O Minist&eacute;rio da Justi&ccedil;a, em parceria com a Unesco, lan&ccedil;a nesta segunda (19\/3) o projeto &ldquo;Liberdade de express&atilde;o, Educa&ccedil;&atilde;o para m&iacute;dia, Comunica&ccedil;&atilde;o e os Direitos da Crian&ccedil;a e do Adolescente&rdquo;, com a palestra de Toby Mendel, especialista internacional em direitos humanos e comunica&ccedil;&atilde;o. Tamb&eacute;m ser&aacute; divulgado o &ldquo;Novo &hellip; <a href=\"https:\/\/obscom.intervozes.org.br\/?p=26742\" class=\"more-link\">Continue lendo <span class=\"screen-reader-text\">Minist\u00e9rio da Justi\u00e7a lan\u00e7a projeto sobre m\u00eddia e inf\u00e2ncia<\/span> <span class=\"meta-nav\">&rarr;<\/span><\/a><\/p>\n","protected":false},"author":1,"featured_media":0,"comment_status":"open","ping_status":"open","sticky":false,"template":"","format":"standard","meta":{"footnotes":""},"categories":[39],"tags":[],"_links":{"self":[{"href":"https:\/\/obscom.intervozes.org.br\/index.php?rest_route=\/wp\/v2\/posts\/26742"}],"collection":[{"href":"https:\/\/obscom.intervozes.org.br\/index.php?rest_route=\/wp\/v2\/posts"}],"about":[{"href":"https:\/\/obscom.intervozes.org.br\/index.php?rest_route=\/wp\/v2\/types\/post"}],"author":[{"embeddable":true,"href":"https:\/\/obscom.intervozes.org.br\/index.php?rest_route=\/wp\/v2\/users\/1"}],"replies":[{"embeddable":true,"href":"https:\/\/obscom.intervozes.org.br\/index.php?rest_route=%2Fwp%2Fv2%2Fcomments&post=26742"}],"version-history":[{"count":0,"href":"https:\/\/obscom.intervozes.org.br\/index.php?rest_route=\/wp\/v2\/posts\/26742\/revisions"}],"wp:attachment":[{"href":"https:\/\/obscom.intervozes.org.br\/index.php?rest_route=%2Fwp%2Fv2%2Fmedia&parent=26742"}],"wp:term":[{"taxonomy":"category","embeddable":true,"href":"https:\/\/obscom.intervozes.org.br\/index.php?rest_route=%2Fwp%2Fv2%2Fcategories&post=26742"},{"taxonomy":"post_tag","embeddable":true,"href":"https:\/\/obscom.intervozes.org.br\/index.php?rest_route=%2Fwp%2Fv2%2Ftags&post=26742"}],"curies":[{"name":"wp","href":"https:\/\/api.w.org\/{rel}","templated":true}]}}