{"id":26736,"date":"2012-03-16T18:27:43","date_gmt":"2012-03-16T18:27:43","guid":{"rendered":"https:\/\/obscom.intervozes.org.br\/wordpress\/?p=26736"},"modified":"2012-03-16T18:27:43","modified_gmt":"2012-03-16T18:27:43","slug":"seminario-em-brasilia-discute-a-regulacao-da-midia-publica","status":"publish","type":"post","link":"https:\/\/obscom.intervozes.org.br\/?p=26736","title":{"rendered":"Semin\u00e1rio em Bras\u00edlia discute a regula\u00e7\u00e3o da m\u00eddia p\u00fablica"},"content":{"rendered":"<p><span class=\"padrao\">Uma semana ap&oacute;s a audi&ecirc;ncia que debateu a diversidade religiosa na Empresa Brasil de Comunica&ccedil;&atilde;o (EBC), Bras&iacute;lia voltar&aacute; a debater comunica&ccedil;&atilde;o p&uacute;blica. O semin&aacute;rio internacional &quot;Regula&ccedil;&atilde;o da Comunica&ccedil;&atilde;o P&uacute;blica&quot; aproveita as discuss&otilde;es sobre a necessidade de uma nova lei da comunica&ccedil;&atilde;o de massa para promover&nbsp; o fortalecimento do sistema p&uacute;blico. <\/p>\n<p>Organizado pela Frente Parlamentar pela Liberdade de Express&atilde;o e o Direito &agrave; Comunica&ccedil;&atilde;o com Participa&ccedil;&atilde;o Popular (Frentecom) e a Secretaria de Comunica&ccedil;&atilde;o, ambas da C&acirc;mara dos Deputados, o evento ser&aacute; realizado entre os dias 21 e 23 de mar&ccedil;o, no audit&oacute;rio Nereu Ramos. O semin&aacute;rio tamb&eacute;m poder&aacute; ser acompanhado pela internet pelo portal da C&acirc;mara dos Deputados e da Empresa Brasil de Comunica&ccedil;&atilde;o (EBC).<\/p>\n<p>Temas importantes na discuss&atilde;o da atualiza&ccedil;&atilde;o da regula&ccedil;&atilde;o, como a quest&atilde;o da participa&ccedil;&atilde;o e gest&atilde;o nos canais p&uacute;blicos, a diversidade na programa&ccedil;&atilde;o, os desafios do&nbsp; financiamento, a digitaliza&ccedil;&atilde;o e a converg&ecirc;ncia tecnol&oacute;gica, os processos de outorgas e a divis&atilde;o do espectro comp&otilde;em a pauta do evento. Para a deputada Luiza Erundina (PSB-SP), coordenadora da Frentecom, o debate &eacute; mais que oportuno. &quot;Poderemos conhecer experi&ecirc;ncias de outros pa&iacute;ses que nos trar&atilde;o mais elementos e refer&ecirc;ncias para construir propostas que devem ser encaminhadas para ao governo, j&aacute; que v&aacute;rios quest&otilde;es sobre regula&ccedil;&atilde;o e o pr&oacute;prio marco regulat&oacute;rio brasileiro est&aacute; na agenda&quot;, afirma a deputada. <\/p>\n<p>O evento contar&aacute; com especialistas nacionais e internacionais. Est&aacute; confirmada a participa&ccedil;&atilde;o de da diretora-geral do canal do Congresso Mexicano, Let&iacute;cia Salas Torres; do coordenador-geral da Autoridade Federal de Servi&ccedil;os de Comunica&ccedil;&atilde;o Audiovisual da Argentina, Luis Lazzaro; e do presidente da Entidade Reguladora para a Comunica&ccedil;&atilde;o Social de Portugal, Carlos Magno Castanheira.<\/p>\n<p><strong>Desafios<\/strong><\/p>\n<p>Para M&aacute;rio Sartorello, presidente da Associa&ccedil;&atilde;o Brasileira de R&aacute;dios P&uacute;blicas (Arpub), o grande desafio da comunica&ccedil;&atilde;o p&uacute;blica &eacute; seu financiamento. &quot;A grande discuss&atilde;o para a comunica&ccedil;&atilde;o p&uacute;blica &eacute; a sustentabilidade e a autonomia das emissoras, de como elas possam deixar de ser estatais e passarem&nbsp; a ser mais p&uacute;blicas&quot;, afirma Sartorello. Para Cec&iacute;lia Bizerra, do coletivo Intervozes, a democratiza&ccedil;&atilde;o na gest&atilde;o das emissoras p&uacute;blicas tamb&eacute;m &eacute; fundamental. &quot;Devemos ampliar os espa&ccedil;os de participa&ccedil;&atilde;o da sociedade em todas as emissoras p&uacute;blicas do pa&iacute;s. Hoje temos o modelo do Conselho Curador da EBC que &eacute; exemplo para as emissoras p&uacute;blicas estaduais, do legislativo e judici&aacute;rio&quot;, defende.<\/p>\n<p>As inscri&ccedil;&otilde;es antecipadas do semin&aacute;rio j&aacute; foram encerradas, mas haver&aacute; a possibilidade de inscri&ccedil;&otilde;es no local, condicionadas &agrave; capacidade do audit&oacute;rio. Mais informa&ccedil;&otilde;es no site da C&acirc;mara: <a href=\"http:\/\/www2.camara.gov.br\/noticias\/institucional\/noticias\/seminario-internacional-regulacao-da-comunicacao-publica\" target=\"_blank\">http:\/\/www2.camara.gov.br\/noticias\/institucional\/noticias\/seminario-internacional-regulacao-da-comunicacao-publica<\/a> <\/p>\n<p><strong>Programa&ccedil;&atilde;o<\/strong><\/p>\n<p><em><strong>: 21 de mar&ccedil;o (quarta-feira) ::<\/strong><br \/>8 horas | Credenciamento<\/p>\n<p><strong>8h30 | Mesa de Abertura <\/strong><br \/>Convidados:<br \/>Deputado Marco Maia, Presidente da C&acirc;mara dos Deputados;<br \/>Deputada Luiza Erundina, Coordenadora da Frente Parlamentar pela Liberdade de Express&atilde;o e o Direito a Comunica&ccedil;&atilde;o com Participa&ccedil;&atilde;o Popular (Frentecom);<br \/>Paulo Bernardo, Ministro das Comunica&ccedil;&otilde;es;<br \/>Helena Chagas, Ministra da Secretaria de Comunica&ccedil;&atilde;o da Presid&ecirc;ncia da Rep&uacute;blica;<br \/>Deputado Eduardo Azeredo, Presidente da Comiss&atilde;o de Ci&ecirc;ncia e Tecnologia, Comunica&ccedil;&atilde;o e Inform&aacute;tica da C&acirc;mara dos Deputados;<br \/>Senador Eduardo Braga, Presidente da Comiss&atilde;o de Ci&ecirc;ncia, Tecnologia, Inova&ccedil;&atilde;o, Comunica&ccedil;&atilde;o e Inform&aacute;tica do Senado Federal;<br \/>Nelson Breve, Diretor-Presidente da Empresa Brasil de Comunica&ccedil;&atilde;o (EBC);<br \/>Rosane Bertotti, Coordenadora-Geral do F&oacute;rum Nacional pela Democratiza&ccedil;&atilde;o das Comunica&ccedil;&otilde;es.<\/p>\n<p><strong>10h30 | Mesa 1 &ndash; Legisla&ccedil;&atilde;o: conceitos, outorgas e regula&ccedil;&atilde;o do campo p&uacute;blico <\/strong><br \/>Discuss&atilde;o sobre a necessidade de atualiza&ccedil;&atilde;o da legisla&ccedil;&atilde;o do campo p&uacute;blico, a complementariedade dos sistemas p&uacute;blico, privado e estatal, o uso do espectro eletromagn&eacute;tico por emissoras do campo p&uacute;blico, modelo de outorgas.<br \/>Convidados:<br \/>Luis Lazzaro, Coordenador-Geral da Autoridade Federal de Servi&ccedil;os de Comunica&ccedil;&atilde;o Audiovisual (AFSCA) &#8211; Argentina;<br \/>P&oacute;la Ribeiro, Presidente da Associa&ccedil;&atilde;o Brasileira das Emissoras P&uacute;blicas, Educativas e Culturais (ABEPEC);<br \/>Marcos Dantas, Professor da Universidade Federal do Rio de Janeiro (UFRJ);<br \/>Jonas Valente, integrante do Intervozes &#8211; Coletivo Brasil de Comunica&ccedil;&atilde;o Social.<br \/>Media&ccedil;&atilde;o: Deputado Emiliano Jos&eacute;, PT\/BA.<\/p>\n<p><strong>15 horas | Mesa 2 &ndash; Gest&atilde;o: participa&ccedil;&atilde;o e controle social <\/strong><br \/>A permeabilidade da comunica&ccedil;&atilde;o p&uacute;blica &agrave; sociedade, seus pleitos, suas avalia&ccedil;&otilde;es, sugest&otilde;es e cr&iacute;ticas. A transpar&ecirc;ncia e a participa&ccedil;&atilde;o efetiva da sociedade no processo de gest&atilde;o. <br \/>Convidados:<br \/>Let&iacute;cia Salas Torres, Diretora-Geral do Canal do Congresso Mexicano;<br \/>Ana Luiza Fleck Saibro, Presidente do Conselho Curador da EBC;<br \/>Regina Lima, Ouvidora-Geral da EBC;<br \/>Cl&aacute;udio Magalh&atilde;es, Presidente da Associa&ccedil;&atilde;o Brasileira de Televis&atilde;o Universit&aacute;ria (ABTU).<br \/>Media&ccedil;&atilde;o: Deputada Luciana Santos, l&iacute;der do PCdoB.<\/p>\n<p><strong>17 horas | Mesa 3 &ndash; Gest&atilde;o: financiamento e autonomia <\/strong><br \/>As diferentes formas de financiamento no curto, m&eacute;dio e longo prazos, seus pontos positivos e negativos e as suas implica&ccedil;&otilde;es na autonomia da comunica&ccedil;&atilde;o p&uacute;blica. <br \/>Convidados:<br \/>Manoel Rangel, Presidente da Ag&ecirc;ncia Nacional do Cinema (ANCINE);<br \/>Eduardo Castro, Diretor-Geral da EBC;<br \/>Murilo Ramos, Coordenador do Laborat&oacute;rio de Pol&iacute;ticas de Comunica&ccedil;&atilde;o da Universidade de Bras&iacute;lia (LaPCom\/UnB);<br \/>M&aacute;rio J&eacute;fferson Leite Mello, Coordenador da Frente Nacional pela Valoriza&ccedil;&atilde;o das TVs do Campo P&uacute;blico (FRENAVATEC).<br \/>Media&ccedil;&atilde;o: Deputado Stepan Nercessian, PPS\/RJ.<\/p>\n<p><strong>:: 22 de mar&ccedil;o (quinta-feira) :: <\/strong><br \/><strong><br \/>9 horas | Mesa 4&nbsp; &ndash; Regula&ccedil;&atilde;o de conte&uacute;do e diversidade na comunica&ccedil;&atilde;o p&uacute;blica <\/strong><br \/>Como regular a comunica&ccedil;&atilde;o p&uacute;blica para que ela cumpra seu papel na complementariedade dos sistemas, na regionaliza&ccedil;&atilde;o e no fomento &agrave; diversidade. <br \/>Convidados:<br \/>Carlos Magno Castanheira, Presidente do Conselho Regulador da Entidade Reguladora para a Comunica&ccedil;&atilde;o Social &ndash; ERC \/ Portugal;<br \/>Ana Veloso, integrante da Rede Mulher e M&iacute;dia;<br \/>Marco Altberg, Presidente da Associa&ccedil;&atilde;o Brasileira de Produtoras Independentes de Televis&atilde;o (ABPI-TV);<br \/>Juliana C&eacute;zar Nunes, integrante da Comiss&atilde;o Nacional de Jornalistas pela Igualdade Racial (CONAJIRA);<br \/>Jos&eacute; Ant&ocirc;nio de Jesus da Silva, Coordenador-Geral da Federa&ccedil;&atilde;o Interestadual dos Trabalhadores em Radiodifus&atilde;o e Televis&atilde;o (FITERT).<br \/>Media&ccedil;&atilde;o: Deputado Jean Wyllys, PSOL\/RJ.<\/p>\n<p><strong>14 horas | Mesa 5 &ndash; Distribui&ccedil;&atilde;o do sinal, infraestrutura e operador de rede <\/strong><br \/>O desafio da universaliza&ccedil;&atilde;o do acesso &agrave; comunica&ccedil;&atilde;o p&uacute;blica passa pelo planejamento e implanta&ccedil;&atilde;o de recursos f&iacute;sicos, com bases normativas e legais, no sentido de se buscar a otimiza&ccedil;&atilde;o desses recursos.<br \/>Convidados:<br \/>Andr&eacute; Barbosa, Superintendente de Suporte da EBC;<br \/>Gunnar Bedicks, Chefe do Laborat&oacute;rio de TV Digital da Universidade Presbiteriana Mackenzie;<br \/>Takashi Tome, Pesquisador do Centro de Pesquisa e Desenvolvimento em Telecomunica&ccedil;&otilde;es (CPqD);<br \/>Ant&ocirc;nio Vital, Presidente da Associa&ccedil;&atilde;o Brasileira de TVs e R&aacute;dios Legislativas (Astral);<br \/>Telmo Lustosa, integrante do Conselho Diretor do Clube de Engenharia do Rio de Janeiro.<br \/>Media&ccedil;&atilde;o: Deputado Paulo Pimenta, PT\/RS.<\/p>\n<p><strong>17 horas | Mesa 6 &mdash; Interatividade, converg&ecirc;ncia e acessibilidade <\/strong><br \/>As novidades tecnol&oacute;gicas que impactam a produ&ccedil;&atilde;o e o consumo das m&iacute;dias. <br \/>Como o processo regulat&oacute;rio pode garantir aos meios p&uacute;blicos condi&ccedil;&otilde;es de acessar tais mudan&ccedil;as. <br \/>Convidados:<br \/>Luiz Fernando Gomes Soares, Professor da Pontif&iacute;cia Universidade Cat&oacute;lica do Rio de Janeiro (PUC\/RJ);<br \/>Pedro Ortiz, Diretor-Geral da TV USP e do Canal Universit&aacute;rio de S&atilde;o Paulo;<br \/>Sueli Navarro Garcia, Diretora da Secretaria de Comunica&ccedil;&atilde;o da C&acirc;mara dos Deputados;<br \/>Marcus Manh&atilde;es, Assessor da Federa&ccedil;&atilde;o Interestadual dos Trabalhadores em Telecomunica&ccedil;&otilde;es (FITTEL)\/CPqD;<br \/>M&aacute;rio Sartorello, Presidente da Associa&ccedil;&atilde;o das R&aacute;dios P&uacute;blicas do Brasil (ARPUB).<br \/>Media&ccedil;&atilde;o: Deputada Rosinha da Adefal, PTdoB\/AL.<\/p>\n<p><strong>:: 23 de mar&ccedil;o (sexta-feira) ::<\/strong><\/p>\n<p><strong>9 horas | Plen&aacute;rias Setoriais<\/strong><br \/>As plen&aacute;rias setoriais s&atilde;o um espa&ccedil;o de reflex&atilde;o e debate para que cada segmento possa elencar suas prioridades, tendo como ponto de partida os eixos debatidos em cada uma das mesas do Semin&aacute;rio. O resultado final ir&aacute; compor um documento s&iacute;ntese a ser aprovado na plen&aacute;ria final.<br \/>&nbsp;missoras Educativas e Universit&aacute;rias<br \/>Emissoras Legislativas<br \/>Emissoras Comunit&aacute;rias<br \/>Movimentos Sociais<br \/>&nbsp;<br \/>11 horas \/ entrega dos relat&oacute;rios das plen&aacute;rias setoriais<\/p>\n<p>15 horas | Plen&aacute;ria Final<\/em><br \/><\/span> <\/p>\n","protected":false},"excerpt":{"rendered":"<p><span class=\"padrao\">Entre os dias 21 e 23 de mar&ccedil;o, deputados, gestores p&uacute;blicos, especialistas e sociedade civil organizam evento para debater o fortalecimento do sistema p&uacute;blico de comunica&ccedil;&atilde;o.<\/span><\/p>\n","protected":false},"author":1,"featured_media":0,"comment_status":"open","ping_status":"open","sticky":false,"template":"","format":"standard","meta":{"footnotes":""},"categories":[40],"tags":[830],"_links":{"self":[{"href":"https:\/\/obscom.intervozes.org.br\/index.php?rest_route=\/wp\/v2\/posts\/26736"}],"collection":[{"href":"https:\/\/obscom.intervozes.org.br\/index.php?rest_route=\/wp\/v2\/posts"}],"about":[{"href":"https:\/\/obscom.intervozes.org.br\/index.php?rest_route=\/wp\/v2\/types\/post"}],"author":[{"embeddable":true,"href":"https:\/\/obscom.intervozes.org.br\/index.php?rest_route=\/wp\/v2\/users\/1"}],"replies":[{"embeddable":true,"href":"https:\/\/obscom.intervozes.org.br\/index.php?rest_route=%2Fwp%2Fv2%2Fcomments&post=26736"}],"version-history":[{"count":0,"href":"https:\/\/obscom.intervozes.org.br\/index.php?rest_route=\/wp\/v2\/posts\/26736\/revisions"}],"wp:attachment":[{"href":"https:\/\/obscom.intervozes.org.br\/index.php?rest_route=%2Fwp%2Fv2%2Fmedia&parent=26736"}],"wp:term":[{"taxonomy":"category","embeddable":true,"href":"https:\/\/obscom.intervozes.org.br\/index.php?rest_route=%2Fwp%2Fv2%2Fcategories&post=26736"},{"taxonomy":"post_tag","embeddable":true,"href":"https:\/\/obscom.intervozes.org.br\/index.php?rest_route=%2Fwp%2Fv2%2Ftags&post=26736"}],"curies":[{"name":"wp","href":"https:\/\/api.w.org\/{rel}","templated":true}]}}