{"id":26731,"date":"2012-03-15T18:44:02","date_gmt":"2012-03-15T18:44:02","guid":{"rendered":"https:\/\/obscom.intervozes.org.br\/wordpress\/?p=26731"},"modified":"2012-03-15T18:44:02","modified_gmt":"2012-03-15T18:44:02","slug":"ao-decidir-sobre-edificio-sede-da-telefonica-anatel-indicara-como-tratara-bens-reversiveis","status":"publish","type":"post","link":"https:\/\/obscom.intervozes.org.br\/?p=26731","title":{"rendered":"Ao decidir sobre edif\u00edcio-sede da Telef\u00f4nica, Anatel indicar\u00e1 como tratar\u00e1 bens revers\u00edveis"},"content":{"rendered":"<p><span class=\"padrao\">Um passo importante sobre a discuss&atilde;o de bens revers&iacute;veis deve ser dado nesta quinta, dia 15, na reuni&atilde;o do Conselho Diretor da Anatel. A ag&ecirc;ncia analisar&aacute; o pedido de anu&ecirc;ncia pr&eacute;via para feito pela Telef&ocirc;nica para alienar seu edif&iacute;cio-sede, na rua Martiniano de Carvalho, em S&atilde;o Paulo. Na verdade, o pedido n&atilde;o foi feito para a aliena&ccedil;&atilde;o do pr&eacute;dio em si, que n&atilde;o consta (para surpresa da pr&oacute;pria Anatel), na lista de bens revers&iacute;veis, mas sim para desvincul&aacute;-lo de dois pequenos im&oacute;veis que ficam no mesmo terreno e que s&atilde;o, estes sim, parte da lista de bens revers&iacute;veis. A Anatel, ao perceber que o prop&oacute;sito era a venda do pr&eacute;dio principal, passou a tratar o pedido como a aliena&ccedil;&atilde;o da sede da empresa.<\/p>\n<p>De qualquer maneira, a &aacute;rea t&eacute;cnica e a &aacute;rea jur&iacute;dica da ag&ecirc;ncia entenderam que o edif&iacute;cio-sede de uma operadora &eacute; sim bem revers&iacute;vel, e questionaram o Conselho sobre o que fazer. Essa posi&ccedil;&atilde;o deve ser mantida pelo conselheiro relator, Rodrigo Zerbone, que indicar&aacute;, em seu relat&oacute;rio, uma sugest&atilde;o de procedimento para todos os casos semelhantes: sempre que um bem revers&iacute;vel for alienado, isso s&oacute; poder&aacute; ser feito com anu&ecirc;ncia da Anatel e com a indica&ccedil;&atilde;o, pela concession&aacute;ria, de um plano de investimento de valor equivalente ao bem em infraestrutura para a presta&ccedil;&atilde;o do servi&ccedil;o, revers&iacute;vel &agrave; Uni&atilde;o. Mas o processo deve voltar para a &aacute;rea t&eacute;cnica, que dir&aacute; &agrave; empresa como reapresent&aacute;-lo, agora de forma adequada.<\/p>\n<p>Com isso, a Anatel quer evitar que aliena&ccedil;&otilde;es de bens revers&iacute;veis resultem numa melhoria da situa&ccedil;&atilde;o de caixa das empresas num primeiro momento, mas com deteriora&ccedil;&atilde;o do patrim&ocirc;nio revers&iacute;vel no longo prazo.<\/p>\n<p>A Telef&ocirc;nica pretende vender o pr&eacute;dio para se mudar para um novo edif&iacute;cio, arrendado da Previ, e que abrigar&aacute; a sede da empresa e tamb&eacute;m da Vivo. A Anatel pedir&aacute; ainda garantias de que o contrato com o terceirizado (no caso, a Previ, propriet&aacute;ria do im&oacute;vel) assegure a continuidade da opera&ccedil;&atilde;o ap&oacute;s 2025.<br \/><\/span><\/p>\n","protected":false},"excerpt":{"rendered":"<p>Um passo importante sobre a discuss&atilde;o de bens revers&iacute;veis deve ser dado nesta quinta, dia 15, na reuni&atilde;o do Conselho Diretor da Anatel. A ag&ecirc;ncia analisar&aacute; o pedido de anu&ecirc;ncia pr&eacute;via para feito pela Telef&ocirc;nica para alienar seu edif&iacute;cio-sede, na rua Martiniano de Carvalho, em S&atilde;o Paulo. Na verdade, o pedido n&atilde;o foi feito para &hellip; <a href=\"https:\/\/obscom.intervozes.org.br\/?p=26731\" class=\"more-link\">Continue lendo <span class=\"screen-reader-text\">Ao decidir sobre edif\u00edcio-sede da Telef\u00f4nica, Anatel indicar\u00e1 como tratar\u00e1 bens revers\u00edveis<\/span> <span class=\"meta-nav\">&rarr;<\/span><\/a><\/p>\n","protected":false},"author":1,"featured_media":0,"comment_status":"open","ping_status":"open","sticky":false,"template":"","format":"standard","meta":{"footnotes":""},"categories":[40],"tags":[1337],"_links":{"self":[{"href":"https:\/\/obscom.intervozes.org.br\/index.php?rest_route=\/wp\/v2\/posts\/26731"}],"collection":[{"href":"https:\/\/obscom.intervozes.org.br\/index.php?rest_route=\/wp\/v2\/posts"}],"about":[{"href":"https:\/\/obscom.intervozes.org.br\/index.php?rest_route=\/wp\/v2\/types\/post"}],"author":[{"embeddable":true,"href":"https:\/\/obscom.intervozes.org.br\/index.php?rest_route=\/wp\/v2\/users\/1"}],"replies":[{"embeddable":true,"href":"https:\/\/obscom.intervozes.org.br\/index.php?rest_route=%2Fwp%2Fv2%2Fcomments&post=26731"}],"version-history":[{"count":0,"href":"https:\/\/obscom.intervozes.org.br\/index.php?rest_route=\/wp\/v2\/posts\/26731\/revisions"}],"wp:attachment":[{"href":"https:\/\/obscom.intervozes.org.br\/index.php?rest_route=%2Fwp%2Fv2%2Fmedia&parent=26731"}],"wp:term":[{"taxonomy":"category","embeddable":true,"href":"https:\/\/obscom.intervozes.org.br\/index.php?rest_route=%2Fwp%2Fv2%2Fcategories&post=26731"},{"taxonomy":"post_tag","embeddable":true,"href":"https:\/\/obscom.intervozes.org.br\/index.php?rest_route=%2Fwp%2Fv2%2Ftags&post=26731"}],"curies":[{"name":"wp","href":"https:\/\/api.w.org\/{rel}","templated":true}]}}