{"id":26730,"date":"2012-03-15T18:41:42","date_gmt":"2012-03-15T18:41:42","guid":{"rendered":"https:\/\/obscom.intervozes.org.br\/wordpress\/?p=26730"},"modified":"2012-03-15T18:41:42","modified_gmt":"2012-03-15T18:41:42","slug":"camara-e-senado-assinam-hoje-acordo-de-cooperacao-em-tv-digital","status":"publish","type":"post","link":"https:\/\/obscom.intervozes.org.br\/?p=26730","title":{"rendered":"C\u00e2mara e Senado assinam hoje acordo de coopera\u00e7\u00e3o em TV digital"},"content":{"rendered":"<p><span class=\"padrao\">O presidente da C&acirc;mara, Marco Maia, e o presidente do Senado, Jos&eacute; Sarney, assinam nesta manh&atilde; um acordo para a implanta&ccedil;&atilde;o, em regime de parceria, da Rede Legislativa de TV Digital. A rede vai compartilhar, em sinal digital aberto e gratuito, as programa&ccedil;&otilde;es da TV C&acirc;mara, da TV Senado e das emissoras de assembleias legislativas e de c&acirc;maras municipais.<\/p>\n<p>O ato de assinatura ocorrer&aacute; &agrave;s 11 horas, na sala de audi&ecirc;ncias da Presid&ecirc;ncia do Senado.<\/p>\n<p>O objetivo da parceria &eacute; reduzir os custos dos projetos de expans&atilde;o das emissoras das duas Casas nos estados. O acordo estabelece que, onde uma emissora instalar esta&ccedil;&atilde;o de transmiss&atilde;o de televis&atilde;o digital, ceder&aacute; &agrave; outra, sem &ocirc;nus, uma faixa de programa&ccedil;&atilde;o.<\/p>\n<p>Em uma primeira etapa, at&eacute; 2013, a TV C&acirc;mara e a TV Senado v&atilde;o instalar esta&ccedil;&otilde;es em 11 capitais cada uma. A TV C&acirc;mara instalar&aacute; esta&ccedil;&otilde;es em S&atilde;o Paulo (j&aacute; em opera&ccedil;&atilde;o), Porto Alegre, Fortaleza, Belo Horizonte, Salvador, Florian&oacute;polis, Cuiab&aacute;, Vit&oacute;ria, Palmas, Goi&acirc;nia e Recife. J&aacute; a TV Senado implantar&aacute; esta&ccedil;&otilde;es em Bel&eacute;m, S&atilde;o Lu&iacute;s, Jo&atilde;o Pessoa, Macei&oacute;, Campo Grande, Rio de Janeiro, Curitiba, Macap&aacute;, Manaus, Boa Vista e Teresina.<\/p>\n<p>Novos canais<br \/>O ministro das Comunica&ccedil;&otilde;es, Paulo Bernardo, autorizou ontem a opera&ccedil;&atilde;o de 59 novos canais digitais pela TV C&acirc;mara.<\/p>\n<p>A implanta&ccedil;&atilde;o da Rede Legislativa de TV Digital seguir&aacute; o seguinte cronograma:<br \/>&#8211; Ribeir&atilde;o Preto, Barretos e Ja&uacute;: mar&ccedil;o de 2012;<br \/>&#8211; Porto Alegre, Fortaleza e Belo Horizonte: abril de 2012;<br \/>&#8211; Palmas, Goi&acirc;nia, Cuiab&aacute; e Vit&oacute;ria: agosto de 2012.<\/p>\n<p>Tamb&eacute;m no primeiro semestre, est&aacute; prevista a inaugura&ccedil;&atilde;o de opera&ccedil;&otilde;es da TV em Lavras, Sete Lagoas, Pouso Alegre, Jacare&iacute;, Bauru, S&atilde;o Carlos, Tup&atilde;, Campinas e Ourinhos.<\/p>\n<p>Ainda em mar&ccedil;o, dever&atilde;o ser assinados acordos de coopera&ccedil;&atilde;o t&eacute;cnica com as c&acirc;maras municipais das seguintes cidades mineiras: Divin&oacute;polis, Montes Claros, Uberl&acirc;ndia e Uberaba.<\/p>\n<p>A TV C&acirc;mara tamb&eacute;m ter&aacute; parceria com os seguintes munic&iacute;pios paulistas: Santos, Guaruj&aacute;, Valinhos, Sorocaba, Presidente Prudente, Americana, Araras, Bragan&ccedil;a Paulista, Atibaia, Votorantim, Franca, Araraquara, Limeira, S&atilde;o Jos&eacute; do Rio Preto, S&atilde;o Carlos, Praia Grande, Piracicaba, Pen&aacute;polis, Mogi das Cruzes, Jundia&iacute;, Itu, Cubat&atilde;o, Mar&iacute;lia, Caraguatatuba, Botucatu e Assis.<\/span><\/p>\n","protected":false},"excerpt":{"rendered":"<p>O presidente da C&acirc;mara, Marco Maia, e o presidente do Senado, Jos&eacute; Sarney, assinam nesta manh&atilde; um acordo para a implanta&ccedil;&atilde;o, em regime de parceria, da Rede Legislativa de TV Digital. A rede vai compartilhar, em sinal digital aberto e gratuito, as programa&ccedil;&otilde;es da TV C&acirc;mara, da TV Senado e das emissoras de assembleias legislativas &hellip; <a href=\"https:\/\/obscom.intervozes.org.br\/?p=26730\" class=\"more-link\">Continue lendo <span class=\"screen-reader-text\">C\u00e2mara e Senado assinam hoje acordo de coopera\u00e7\u00e3o em TV digital<\/span> <span class=\"meta-nav\">&rarr;<\/span><\/a><\/p>\n","protected":false},"author":1,"featured_media":0,"comment_status":"open","ping_status":"open","sticky":false,"template":"","format":"standard","meta":{"footnotes":""},"categories":[40],"tags":[601],"_links":{"self":[{"href":"https:\/\/obscom.intervozes.org.br\/index.php?rest_route=\/wp\/v2\/posts\/26730"}],"collection":[{"href":"https:\/\/obscom.intervozes.org.br\/index.php?rest_route=\/wp\/v2\/posts"}],"about":[{"href":"https:\/\/obscom.intervozes.org.br\/index.php?rest_route=\/wp\/v2\/types\/post"}],"author":[{"embeddable":true,"href":"https:\/\/obscom.intervozes.org.br\/index.php?rest_route=\/wp\/v2\/users\/1"}],"replies":[{"embeddable":true,"href":"https:\/\/obscom.intervozes.org.br\/index.php?rest_route=%2Fwp%2Fv2%2Fcomments&post=26730"}],"version-history":[{"count":0,"href":"https:\/\/obscom.intervozes.org.br\/index.php?rest_route=\/wp\/v2\/posts\/26730\/revisions"}],"wp:attachment":[{"href":"https:\/\/obscom.intervozes.org.br\/index.php?rest_route=%2Fwp%2Fv2%2Fmedia&parent=26730"}],"wp:term":[{"taxonomy":"category","embeddable":true,"href":"https:\/\/obscom.intervozes.org.br\/index.php?rest_route=%2Fwp%2Fv2%2Fcategories&post=26730"},{"taxonomy":"post_tag","embeddable":true,"href":"https:\/\/obscom.intervozes.org.br\/index.php?rest_route=%2Fwp%2Fv2%2Ftags&post=26730"}],"curies":[{"name":"wp","href":"https:\/\/api.w.org\/{rel}","templated":true}]}}