{"id":26727,"date":"2012-03-14T19:20:22","date_gmt":"2012-03-14T19:20:22","guid":{"rendered":"https:\/\/obscom.intervozes.org.br\/wordpress\/?p=26727"},"modified":"2012-03-14T19:20:22","modified_gmt":"2012-03-14T19:20:22","slug":"ministerio-das-comunicacoes-abre-consulta-sobre-canal-da-cidadania","status":"publish","type":"post","link":"https:\/\/obscom.intervozes.org.br\/?p=26727","title":{"rendered":"Minist\u00e9rio das Comunica\u00e7\u00f5es abre consulta sobre Canal da Cidadania"},"content":{"rendered":"<p><span class=\"padrao\"><strong>Reda&ccedil;&atilde;o &#8211; Observat&oacute;rio do Direito &agrave; Comunica&ccedil;&atilde;o<\/strong><\/p>\n<p>At&eacute; dia 12 de abril, Minist&eacute;rio das Comunica&ccedil;&otilde;es recebe sugest&otilde;es para a regulamenta&ccedil;&atilde;o do Canal da Cidadania. O canal est&aacute; previsto no decreto que criou o Sistema Brasileiro de TV Digital com o objetivo de transmitr &quot;programa&ccedil;&otilde;es das comunidades locais, bem como para divulga&ccedil;&atilde;o de atos, trabalhos, projetos, sess&otilde;es e eventos dos poderes p&uacute;blicos federal, estadual e municipal&quot;.<\/p>\n<p>O Minist&eacute;rio prop&otilde;e na Consulta um modelo de concess&atilde;o baseado na multiprograma&ccedil;&atilde;o, com quatro faixas de conte&uacute;do: uma para o poder p&uacute;blico municipal, outra para o estadual e duas destinadas a programas produzidaos pelas comunidades locais. Estas duas &uacute;ltimas faixas seriam geridas por associa&ccedil;&otilde;es escolhidas por aviso de habilita&ccedil;&atilde;o. <\/p>\n<p>As propostas podem ser apresentadas no site: <a href=\"http:\/\/consultapublica.mc.gov.br\/consulta\/logon.asp\">http:\/\/consultapublica.mc.gov.br\/consulta\/logon.asp<\/a>  .<br \/><\/span><\/p>\n<p><span class=\"padrao\"><br \/><em>Com informa&ccedil;&otilde;es da assessoria do Minist&eacute;rio das Comunica&ccedil;&otilde;es.<\/em><\/span><\/p>\n","protected":false},"excerpt":{"rendered":"<p>Reda&ccedil;&atilde;o &#8211; Observat&oacute;rio do Direito &agrave; Comunica&ccedil;&atilde;o At&eacute; dia 12 de abril, Minist&eacute;rio das Comunica&ccedil;&otilde;es recebe sugest&otilde;es para a regulamenta&ccedil;&atilde;o do Canal da Cidadania. O canal est&aacute; previsto no decreto que criou o Sistema Brasileiro de TV Digital com o objetivo de transmitr &quot;programa&ccedil;&otilde;es das comunidades locais, bem como para divulga&ccedil;&atilde;o de atos, trabalhos, projetos, &hellip; <a href=\"https:\/\/obscom.intervozes.org.br\/?p=26727\" class=\"more-link\">Continue lendo <span class=\"screen-reader-text\">Minist\u00e9rio das Comunica\u00e7\u00f5es abre consulta sobre Canal da Cidadania<\/span> <span class=\"meta-nav\">&rarr;<\/span><\/a><\/p>\n","protected":false},"author":1,"featured_media":0,"comment_status":"open","ping_status":"open","sticky":false,"template":"","format":"standard","meta":{"footnotes":""},"categories":[39],"tags":[],"_links":{"self":[{"href":"https:\/\/obscom.intervozes.org.br\/index.php?rest_route=\/wp\/v2\/posts\/26727"}],"collection":[{"href":"https:\/\/obscom.intervozes.org.br\/index.php?rest_route=\/wp\/v2\/posts"}],"about":[{"href":"https:\/\/obscom.intervozes.org.br\/index.php?rest_route=\/wp\/v2\/types\/post"}],"author":[{"embeddable":true,"href":"https:\/\/obscom.intervozes.org.br\/index.php?rest_route=\/wp\/v2\/users\/1"}],"replies":[{"embeddable":true,"href":"https:\/\/obscom.intervozes.org.br\/index.php?rest_route=%2Fwp%2Fv2%2Fcomments&post=26727"}],"version-history":[{"count":0,"href":"https:\/\/obscom.intervozes.org.br\/index.php?rest_route=\/wp\/v2\/posts\/26727\/revisions"}],"wp:attachment":[{"href":"https:\/\/obscom.intervozes.org.br\/index.php?rest_route=%2Fwp%2Fv2%2Fmedia&parent=26727"}],"wp:term":[{"taxonomy":"category","embeddable":true,"href":"https:\/\/obscom.intervozes.org.br\/index.php?rest_route=%2Fwp%2Fv2%2Fcategories&post=26727"},{"taxonomy":"post_tag","embeddable":true,"href":"https:\/\/obscom.intervozes.org.br\/index.php?rest_route=%2Fwp%2Fv2%2Ftags&post=26727"}],"curies":[{"name":"wp","href":"https:\/\/api.w.org\/{rel}","templated":true}]}}