{"id":26726,"date":"2012-03-14T19:02:56","date_gmt":"2012-03-14T19:02:56","guid":{"rendered":"https:\/\/obscom.intervozes.org.br\/wordpress\/?p=26726"},"modified":"2012-03-14T19:02:56","modified_gmt":"2012-03-14T19:02:56","slug":"secretaria-de-comunicacao-do-rs-defende-carater-publico-da-tve-e-fm-cultura","status":"publish","type":"post","link":"https:\/\/obscom.intervozes.org.br\/?p=26726","title":{"rendered":"Secret\u00e1ria de Comunica\u00e7\u00e3o do RS defende car\u00e1ter p\u00fablico da TVE e FM Cultura"},"content":{"rendered":"<p><span class=\"padrao\"><strong>Reda&ccedil;&atilde;o &#8211;&nbsp; Coletiva.net<\/strong><\/p>\n<p>Em reuni&atilde;o mensal do Conselho Deliberativo da Funda&ccedil;&atilde;o Cultural Piratini, realizada nesta segunda-feira, 13, a secret&aacute;ria de Comunica&ccedil;&atilde;o e Inclus&atilde;o Digital, Vera Spolidoro, defendeu o car&aacute;ter p&uacute;blico da TVE e da FM Cultura. Segundo ela, a programa&ccedil;&atilde;o das emissoras deve ser independente em rela&ccedil;&atilde;o ao governo do Estado. &quot;V&atilde;o noticiar fatos relacionados ao governo como as emissoras comerciais, mas sem nenhum destaque ou interesse especial&quot;, salientou.<\/p>\n<p>O Conselho Deliberativo da Funda&ccedil;&atilde;o &eacute; composto por 18 entidades e seis representantes da sociedade, esses &uacute;ltimos indicados pelos demais conselheiros. Conforme o presidente do Conselho e professor da Universidade Federal do Rio Grande do Sul (Ufrgs), Luiz Artur Ferraretto, a presen&ccedil;a da secret&aacute;ria e os posicionamentos por ela manifestados indicam &quot;a possibilidade de efetivamente ser ampliado o campo da radiodifus&atilde;o p&uacute;blica no Estado&quot;. Em suas pr&oacute;ximas reuni&otilde;es, o Conselho pretende definir, em conjunto com a dire&ccedil;&atilde;o da Funda&ccedil;&atilde;o Piratini, par&acirc;metros gerais que garantam o car&aacute;ter p&uacute;blico da TVE e da FM Cultura.<\/p>\n<p><\/span><\/p>\n","protected":false},"excerpt":{"rendered":"<p>Reda&ccedil;&atilde;o &#8211;&nbsp; Coletiva.net Em reuni&atilde;o mensal do Conselho Deliberativo da Funda&ccedil;&atilde;o Cultural Piratini, realizada nesta segunda-feira, 13, a secret&aacute;ria de Comunica&ccedil;&atilde;o e Inclus&atilde;o Digital, Vera Spolidoro, defendeu o car&aacute;ter p&uacute;blico da TVE e da FM Cultura. Segundo ela, a programa&ccedil;&atilde;o das emissoras deve ser independente em rela&ccedil;&atilde;o ao governo do Estado. &quot;V&atilde;o noticiar fatos relacionados &hellip; <a href=\"https:\/\/obscom.intervozes.org.br\/?p=26726\" class=\"more-link\">Continue lendo <span class=\"screen-reader-text\">Secret\u00e1ria de Comunica\u00e7\u00e3o do RS defende car\u00e1ter p\u00fablico da TVE e FM Cultura<\/span> <span class=\"meta-nav\">&rarr;<\/span><\/a><\/p>\n","protected":false},"author":1,"featured_media":0,"comment_status":"open","ping_status":"open","sticky":false,"template":"","format":"standard","meta":{"footnotes":""},"categories":[39],"tags":[],"_links":{"self":[{"href":"https:\/\/obscom.intervozes.org.br\/index.php?rest_route=\/wp\/v2\/posts\/26726"}],"collection":[{"href":"https:\/\/obscom.intervozes.org.br\/index.php?rest_route=\/wp\/v2\/posts"}],"about":[{"href":"https:\/\/obscom.intervozes.org.br\/index.php?rest_route=\/wp\/v2\/types\/post"}],"author":[{"embeddable":true,"href":"https:\/\/obscom.intervozes.org.br\/index.php?rest_route=\/wp\/v2\/users\/1"}],"replies":[{"embeddable":true,"href":"https:\/\/obscom.intervozes.org.br\/index.php?rest_route=%2Fwp%2Fv2%2Fcomments&post=26726"}],"version-history":[{"count":0,"href":"https:\/\/obscom.intervozes.org.br\/index.php?rest_route=\/wp\/v2\/posts\/26726\/revisions"}],"wp:attachment":[{"href":"https:\/\/obscom.intervozes.org.br\/index.php?rest_route=%2Fwp%2Fv2%2Fmedia&parent=26726"}],"wp:term":[{"taxonomy":"category","embeddable":true,"href":"https:\/\/obscom.intervozes.org.br\/index.php?rest_route=%2Fwp%2Fv2%2Fcategories&post=26726"},{"taxonomy":"post_tag","embeddable":true,"href":"https:\/\/obscom.intervozes.org.br\/index.php?rest_route=%2Fwp%2Fv2%2Ftags&post=26726"}],"curies":[{"name":"wp","href":"https:\/\/api.w.org\/{rel}","templated":true}]}}