{"id":26723,"date":"2012-03-14T18:44:34","date_gmt":"2012-03-14T18:44:34","guid":{"rendered":"https:\/\/obscom.intervozes.org.br\/wordpress\/?p=26723"},"modified":"2012-03-14T18:44:34","modified_gmt":"2012-03-14T18:44:34","slug":"camara-recebe-novas-consignacoes-e-amplia-a-rede-legislativa-de-tv-digital","status":"publish","type":"post","link":"https:\/\/obscom.intervozes.org.br\/?p=26723","title":{"rendered":"C\u00e2mara recebe novas consigna\u00e7\u00f5es e amplia a Rede Legislativa de TV Digital"},"content":{"rendered":"<p><span class=\"padrao\">Em cerim&ocirc;nia realizada no audit&oacute;rio da TV C&acirc;mara nesta quarta-feira (14), o Ministro das Comunica&ccedil;&otilde;es, Paulo Bernardo, assinou a consigna&ccedil;&atilde;o de 59 canais de televis&atilde;o digital para a C&acirc;mara dos Deputados. As consigna&ccedil;&otilde;es foram solicitadas como parte das a&ccedil;&otilde;es do projeto de expans&atilde;o da Rede Legislativa de TV Digital.<\/p>\n<p>Com a medida, a TV C&acirc;mara poder&aacute; iniciar suas opera&ccedil;&otilde;es em sinal digital aberto e gratuito em dezenas de capitais e cidades do interior do pa&iacute;s, de maneira compartilhada com a TV Senado e as emissoras das assembleias legislativas e c&acirc;maras municipais.<\/p>\n<p>Durante o evento, a 1&ordf;-vice-presidente da C&acirc;mara, deputada Rose de Freitas (PMDB-ES), afirmou que a consigna&ccedil;&atilde;o dos novos canais &eacute; uma das iniciativas mais importantes da Casa em rela&ccedil;&atilde;o ao seu compromisso com a democracia. &quot;Por meio da expans&atilde;o do sinal da TV C&acirc;mara, a popula&ccedil;&atilde;o poder&atilde;o ter mais conhecimento sobre o que acontece na Casa e interagir em esfera nacional&quot;, afirmou.<\/p>\n<p>O ministro Paulo Bernardo destacou que a exibi&ccedil;&atilde;o do sinal da TV C&acirc;mara em sinal aberto nas nas cidades contempladas com as novas consigna&ccedil;&otilde;es vai possibilitar que mais da metade da popula&ccedil;&atilde;o brasileira tenha acesso &agrave; programa&ccedil;&atilde;o da emissora e acompanhar de perto as atividades parlamentares. &quot;A C&acirc;mara quer e deve prestar contas de seu trabalho. Paralelamente, a pr&oacute;pria popula&ccedil;&atilde;o quer acompanhar esse trabalho&quot;, lembrou .<\/p>\n<p>A participa&ccedil;&atilde;o das assembleias legislativas e das c&acirc;maras municipais nas parcerias operacionais que viabilizam a forma&ccedil;&atilde;o da Rede Legislativa de TV Digital foi elogiada pelo 1&ordm;-secret&aacute;rio da C&acirc;mara, deputado Eduardo Gomes (PSDB-TO). Para o parlamentar, a transmiss&atilde;o ao vivo e sem edi&ccedil;&atilde;o dos debates e vota&ccedil;&otilde;es no plen&aacute;rio e nas comiss&otilde;es&nbsp; &eacute; &quot;a pura express&atilde;o da democracia&quot;.<\/p>\n<p>O presidente da Assembleia Estadual do Tocantins, deputado Raimundo Moreira (PSDB), lembrou que a consigna&ccedil;&atilde;o para a cidade de Palmas vai permitir a realiza&ccedil;&atilde;o de um sonho antigo dos parlamentares da regi&atilde;o: a instala&ccedil;&atilde;o da TV Assembleia no Estado, por meio do compartilhamento do sinal digital com a TV C&acirc;mara. &quot;A popula&ccedil;&atilde;o vai poder vigiar, fiscalizar, aplaudir e criticar os seus representantes&quot;, destacou.<\/p>\n<p>A implanta&ccedil;&atilde;o da Rede Legislativa de TV Digital seguir&aacute; o seguinte cronograma:<\/p>\n<p>&#8211; Ribeir&atilde;o Preto, Barretos e Ja&uacute;: mar&ccedil;o de 2012<br \/>&#8211; Porto Alegre, Fortaleza e Belo Horizonte: abril de 2012<br \/>&#8211; Lavras, Sete Lagoas, Pouso Alegre, Jacare&iacute;, Bauru, S&atilde;o Carlos, Tup&atilde;, Campinas e Ourinhos: primeiro semestre de 2012<br \/>&#8211; Palmas, Goi&acirc;nia, Cuiab&aacute; e Vit&oacute;ria: agosto de 2012<\/p>\n<p>Ainda em mar&ccedil;o, ser&atilde;o assinados acordos de coopera&ccedil;&atilde;o com as c&acirc;maras municipais das seguintes cidades: Divin&oacute;polis, Montes Claros, Uberl&acirc;ndia, Santos, Guaruj&aacute;, Valinhos, Sorocaba, Presidente Prudente, Americana, Araras, Bragan&ccedil;a Paulista , Atibaia, Votorantim, Franca, Araraquara, Uberaba, Limeira, S&atilde;o Jos&eacute; do Rio Preto, S&atilde;o Carlos, Praia Grande, Piracicaba, Pen&aacute;polis, Mogi das Cruzes, Jundia&iacute;, Itu, Cubat&atilde;o, Mar&iacute;lia, Caraguatatuba, Botucatu e Assis.<br \/><\/span><\/p>\n","protected":false},"excerpt":{"rendered":"<p>Em cerim&ocirc;nia realizada no audit&oacute;rio da TV C&acirc;mara nesta quarta-feira (14), o Ministro das Comunica&ccedil;&otilde;es, Paulo Bernardo, assinou a consigna&ccedil;&atilde;o de 59 canais de televis&atilde;o digital para a C&acirc;mara dos Deputados. As consigna&ccedil;&otilde;es foram solicitadas como parte das a&ccedil;&otilde;es do projeto de expans&atilde;o da Rede Legislativa de TV Digital. Com a medida, a TV C&acirc;mara &hellip; <a href=\"https:\/\/obscom.intervozes.org.br\/?p=26723\" class=\"more-link\">Continue lendo <span class=\"screen-reader-text\">C\u00e2mara recebe novas consigna\u00e7\u00f5es e amplia a Rede Legislativa de TV Digital<\/span> <span class=\"meta-nav\">&rarr;<\/span><\/a><\/p>\n","protected":false},"author":1,"featured_media":0,"comment_status":"open","ping_status":"open","sticky":false,"template":"","format":"standard","meta":{"footnotes":""},"categories":[40],"tags":[601],"_links":{"self":[{"href":"https:\/\/obscom.intervozes.org.br\/index.php?rest_route=\/wp\/v2\/posts\/26723"}],"collection":[{"href":"https:\/\/obscom.intervozes.org.br\/index.php?rest_route=\/wp\/v2\/posts"}],"about":[{"href":"https:\/\/obscom.intervozes.org.br\/index.php?rest_route=\/wp\/v2\/types\/post"}],"author":[{"embeddable":true,"href":"https:\/\/obscom.intervozes.org.br\/index.php?rest_route=\/wp\/v2\/users\/1"}],"replies":[{"embeddable":true,"href":"https:\/\/obscom.intervozes.org.br\/index.php?rest_route=%2Fwp%2Fv2%2Fcomments&post=26723"}],"version-history":[{"count":0,"href":"https:\/\/obscom.intervozes.org.br\/index.php?rest_route=\/wp\/v2\/posts\/26723\/revisions"}],"wp:attachment":[{"href":"https:\/\/obscom.intervozes.org.br\/index.php?rest_route=%2Fwp%2Fv2%2Fmedia&parent=26723"}],"wp:term":[{"taxonomy":"category","embeddable":true,"href":"https:\/\/obscom.intervozes.org.br\/index.php?rest_route=%2Fwp%2Fv2%2Fcategories&post=26723"},{"taxonomy":"post_tag","embeddable":true,"href":"https:\/\/obscom.intervozes.org.br\/index.php?rest_route=%2Fwp%2Fv2%2Ftags&post=26723"}],"curies":[{"name":"wp","href":"https:\/\/api.w.org\/{rel}","templated":true}]}}