{"id":26715,"date":"2012-03-12T17:03:23","date_gmt":"2012-03-12T17:03:23","guid":{"rendered":"https:\/\/obscom.intervozes.org.br\/wordpress\/?p=26715"},"modified":"2012-03-12T17:03:23","modified_gmt":"2012-03-12T17:03:23","slug":"o-impacto-da-exposicao-de-criancas-a-cenas-de-sexo-e-violencia-na-tv","status":"publish","type":"post","link":"https:\/\/obscom.intervozes.org.br\/?p=26715","title":{"rendered":"O impacto da exposi\u00e7\u00e3o de crian\u00e7as a cenas de sexo e viol\u00eancia na TV"},"content":{"rendered":"<p>A Andi -Comunica&ccedil;&atilde;o e Direitos e o Intervozes &#8211; Coletivo Brasil de Comunica&ccedil;&atilde;o Social publicaram o documento &ldquo;M&iacute;dia e inf&acirc;ncia: o impacto da exposi&ccedil;&atilde;o de crian&ccedil;as e adolescentes a cenas de sexo e viol&ecirc;ncia na televis&atilde;o&rdquo; que, em dez p&aacute;ginas, faz o levantamento dos principais estudos elaborados em diversos pa&iacute;ses sobre o tema.<\/p>\n<p>A pesquisa apresenta estudos sobre os impactos da exposi&ccedil;&atilde;o de crian&ccedil;as e adolescentes a cenas televisivas de sexo e viol&ecirc;ncia desenvolvidas h&aacute; v&aacute;rias d&eacute;cadas em diversos pa&iacute;ses. A conclus&atilde;o &eacute; que, majoritariamente, o contato regular de garotos e garotas com conte&uacute;dos inadequados pode levar a s&eacute;rias consequ&ecirc;ncias, como comportamentos de imita&ccedil;&atilde;o, agress&atilde;o, medo, ansiedade, concep&ccedil;&otilde;es err&ocirc;neas sobre a viol&ecirc;ncia real e sexualiza&ccedil;&atilde;o precoce.<\/p>\n<p>O documento apresenta resultados de estudos realizados na Holanda, Canad&aacute;, Alemanha e Su&eacute;cia, mas dedica a maioria de suas p&aacute;ginas a pesquisas realizadas nos Estados Unidos, onde, nos &uacute;ltimos 40 anos, foram realizadas mais de 3.500 pesquisas sobre os efeitos da viol&ecirc;ncia na televis&atilde;o sobre os espectadores.<\/p>\n<p>Um dos estudos norte-americanos levantados pelo documento foi o longitudinal realizado por pesquisadores da Universidade de Michigan, que relaciona a exposi&ccedil;&atilde;o de crian&ccedil;as &agrave; viol&ecirc;ncia na TV e seus comportamentos agressivos e violentos no in&iacute;cio da fase adulta. A pesquisa mediu em 1977 os h&aacute;bitos de 557 crian&ccedil;as de Chicago em rela&ccedil;&atilde;o aos meios de comunica&ccedil;&atilde;o, especialmente ao consumo de programa&ccedil;&atilde;o televisiva violenta. Ap&oacute;s 14 anos ouviu 329 daquelas crian&ccedil;as, j&aacute; adultas, com idades entre 20 e 22&nbsp; anos, e verificou que uma maior exposi&ccedil;&atilde;o a conte&uacute;dos violentos transmitidos pela tev&ecirc; durante a inf&acirc;ncia foi capaz de predizer um maior n&iacute;vel de agress&atilde;o na vida adulta, independentemente do qu&atilde;o agressivos os participantes eram quando crian&ccedil;as.<\/p>\n<p>&ldquo;O constatado pela equipe de pesquisa de Michigan &eacute; que mesmo crian&ccedil;as que n&atilde;o eram&nbsp; agressivas na inf&acirc;ncia &ndash; e de todos os estratos sociais &ndash; ao terem sido expostas a um&nbsp; volume expressivo de conte&uacute;dos televisivos violentos durante esse per&iacute;odo acabaram por apresentar maior probabilidade de se tornarem adultos agressivos&rdquo;, cita o documento.<\/p>\n<p>O estudo tamb&eacute;m apresenta resultados de pesquisas que apontam como efeitos da exposi&ccedil;&atilde;o das crian&ccedil;as &agrave; viol&ecirc;ncia na m&iacute;dia o aumento de comportamentos agressivos, a perda de sensibilidade &agrave; viol&ecirc;ncia no mundo real e o crescimento do medo. &ldquo;O Physician Guide to Media Violence &ndash; publicado pela American Medical Association (AMA), em 1996 &ndash; alerta que a exposi&ccedil;&atilde;o a um &uacute;nico filme, programa de televis&atilde;o ou reportagem pode resultar em depress&atilde;o emocional, pesadelos ou outros problemas relativos ao sono em muitas crian&ccedil;as, particularmente as mais novas. E crian&ccedil;as amedrontadas est&atilde;o mais sujeitas a se tornarem v&iacute;timas ou agressores&rdquo;.<\/p>\n<p><strong>Classifica&ccedil;&atilde;o indicativa como pol&iacute;tica p&uacute;blica<\/strong><\/p>\n<p>Evid&ecirc;ncias como estas fizeram com que, ao longo das &uacute;ltimas d&eacute;cadas, as principais democracias do planeta adotassem sistemas similares ao da Classifica&ccedil;&atilde;o Indicativa utilizada pelo Minist&eacute;rio da Justi&ccedil;a brasileiro, com o fim de proteger os direitos humanos de crian&ccedil;as e adolescentes expostos ao conte&uacute;do da televis&atilde;o. &ldquo;Com a Classifica&ccedil;&atilde;o Indicativa, as programa&ccedil;&otilde;es televisivas passam a dar indica&ccedil;&atilde;o &agrave; fam&iacute;lia sobre a faixa et&aacute;ria para a qual as obras audiovisuais s&atilde;o recomendadas. Isso porque &eacute; um direito inalien&aacute;vel das fam&iacute;lias decidir o que seus filhos podem ou n&atilde;o assistir&rdquo;, afirma o documento.<\/p>\n<p>A opini&atilde;o &eacute; respaldada por recomenda&ccedil;&otilde;es do Comit&ecirc; para os Direitos da Crian&ccedil;a da Onu e da Unesco, que aconselham os governos nacionais a assumirem atitudes concretas de prote&ccedil;&atilde;o aos direitos da crian&ccedil;a e do adolescente no campo da comunica&ccedil;&atilde;o de massa. As entidades apontam que fatores como f&aacute;cil acesso e alto consumo de televis&atilde;o no pa&iacute;s e a evid&ecirc;ncia que pais e m&atilde;es trabalharem e permanecerem a maior parte do tempo fora de casa, fortalecem a necessidade de se defender a Classifica&ccedil;&atilde;o Indicativa como uma pol&iacute;tica p&uacute;blica fundamental para garantir o respeito aos direitos das crian&ccedil;as e dos adolescentes.<\/p>\n<p>&ldquo;Para os pais poderem cumprir com suas responsabilidades em rela&ccedil;&atilde;o &agrave; prote&ccedil;&atilde;o do processo de desenvolvimento de seus filhos, antes o Estado e as empresas devem fazer sua parte, estabelecendo e obedecendo os limites para a veicula&ccedil;&atilde;o de conte&uacute;dos potencialmente danosos&rdquo;, recomenda o documento.<\/p>\n<p>O estudo &ldquo;M&iacute;dia e inf&acirc;ncia: o impacto da exposi&ccedil;&atilde;o de crian&ccedil;as e adolescentes a cenas de sexo e viol&ecirc;ncia na televis&atilde;o&rdquo; est&aacute; dispon&iacute;vel para download, na &iacute;ntegra, e <a href=\"http:\/\/www.intervozes.org.br\/noticias\/O%20impacto%20da%20exposicao%20de%20criancas%20e%20adolescentes_FINAL.pdf\" target=\"_blank\">pode ser conferido aqui.<\/a> <\/p>\n","protected":false},"excerpt":{"rendered":"<p>Andi e Intervozes publicam pesquisa que mostra os efeitos da exposi&ccedil;&atilde;o de crian&ccedil;as e adolescentes a conte&uacute;do de viol&ecirc;ncia, sexo e drogas na TV. Entidades mostram a import&acirc;ncia da classifica&ccedil;&atilde;o indicativa.<\/p>\n","protected":false},"author":1,"featured_media":0,"comment_status":"open","ping_status":"open","sticky":false,"template":"","format":"standard","meta":{"footnotes":""},"categories":[40],"tags":[111],"_links":{"self":[{"href":"https:\/\/obscom.intervozes.org.br\/index.php?rest_route=\/wp\/v2\/posts\/26715"}],"collection":[{"href":"https:\/\/obscom.intervozes.org.br\/index.php?rest_route=\/wp\/v2\/posts"}],"about":[{"href":"https:\/\/obscom.intervozes.org.br\/index.php?rest_route=\/wp\/v2\/types\/post"}],"author":[{"embeddable":true,"href":"https:\/\/obscom.intervozes.org.br\/index.php?rest_route=\/wp\/v2\/users\/1"}],"replies":[{"embeddable":true,"href":"https:\/\/obscom.intervozes.org.br\/index.php?rest_route=%2Fwp%2Fv2%2Fcomments&post=26715"}],"version-history":[{"count":0,"href":"https:\/\/obscom.intervozes.org.br\/index.php?rest_route=\/wp\/v2\/posts\/26715\/revisions"}],"wp:attachment":[{"href":"https:\/\/obscom.intervozes.org.br\/index.php?rest_route=%2Fwp%2Fv2%2Fmedia&parent=26715"}],"wp:term":[{"taxonomy":"category","embeddable":true,"href":"https:\/\/obscom.intervozes.org.br\/index.php?rest_route=%2Fwp%2Fv2%2Fcategories&post=26715"},{"taxonomy":"post_tag","embeddable":true,"href":"https:\/\/obscom.intervozes.org.br\/index.php?rest_route=%2Fwp%2Fv2%2Ftags&post=26715"}],"curies":[{"name":"wp","href":"https:\/\/api.w.org\/{rel}","templated":true}]}}