{"id":26714,"date":"2012-03-12T16:28:25","date_gmt":"2012-03-12T16:28:25","guid":{"rendered":"https:\/\/obscom.intervozes.org.br\/wordpress\/?p=26714"},"modified":"2012-03-12T16:28:25","modified_gmt":"2012-03-12T16:28:25","slug":"dois-meses-apos-a-posse-conselho-de-comunicacao-baiano-ainda-nao-se-reuniu","status":"publish","type":"post","link":"https:\/\/obscom.intervozes.org.br\/?p=26714","title":{"rendered":"Dois meses ap\u00f3s a posse, Conselho de Comunica\u00e7\u00e3o baiano ainda n\u00e3o se reuniu"},"content":{"rendered":"<p><span class=\"padrao\">O dia 10 de janeiro de 2012 foi de festa e orat&oacute;ria na posse do Conselho Estadual de Comunica&ccedil;&atilde;o da Bahia. Dois meses depois, o colegiado ainda n&atilde;o se reuniu e o governo n&atilde;o sinalizou qualquer previs&atilde;o aos membros. Aos desavisados, a situa&ccedil;&atilde;o j&aacute; era esperada.<\/p>\n<p>A regulamenta&ccedil;&atilde;o do &oacute;rg&atilde;o j&aacute; passou por algumas etapas, entre as quais, negociar e convencer interesses divergentes sobre a sua import&acirc;ncia. At&eacute; ent&atilde;o era essa a principal justificativa para tamanha demora, n&atilde;o s&oacute; para instala&ccedil;&atilde;o do Conselho, mas tamb&eacute;m para a implementa&ccedil;&atilde;o das pol&iacute;ticas.<\/p>\n<p>Agora restam outros dois desafios para o funcionamento do Conselho: estrutura interna e efetiva&ccedil;&atilde;o das a&ccedil;&otilde;es deliberadas. Ambos n&atilde;o podem ser colocados nas costas do passado ou de for&ccedil;as &ldquo;ocultas&rdquo;. S&atilde;o problemas &aacute;rduos, interligados e alertados h&aacute; tempos de forma un&iacute;ssona pelas entidades da Frente Baiana pelo Direito &agrave; Comunica&ccedil;&atilde;o.<\/p>\n<p>O funcionamento interno do &oacute;rg&atilde;o depende de estrutura b&aacute;sica que a Secretaria de Comunica&ccedil;&atilde;o (Secom) ainda n&atilde;o disp&otilde;e. Ao realizar pareceres, os membros do Conselho necessitam de t&eacute;cnicos e c&acirc;maras tem&aacute;ticas para subsidiar as decis&otilde;es. O &oacute;rg&atilde;o n&atilde;o &eacute; remunerado, e se trata de inoc&ecirc;ncia acreditar que os conselheiros v&atilde;o ter condi&ccedil;&otilde;es de dedicar tempo para elaborar e acompanhar execu&ccedil;&atilde;o da pol&iacute;tica sem os subs&iacute;dios citados.<\/p>\n<p>A tradicional figura do gestor p&uacute;blico j&aacute; &eacute; deficiente no governo da Bahia, mais deficiente ainda &eacute; o gestor especializado nas pol&iacute;ticas de comunica&ccedil;&atilde;o. Esse &uacute;ltimo n&atilde;o &eacute; um problema singular da Bahia, por anos foi alimentada a ideia de que o Estado deveria terceirizar ou deixar o setor de comunica&ccedil;&atilde;o sob responsabilidade do mercado.<\/p>\n<p>Contudo, pouco adianta o Conselho formular e definir diretrizes sem o Estado apresentar condi&ccedil;&otilde;es de cumprir, seja por aus&ecirc;ncia de recursos humanos e f&iacute;sicos, conhecimento das regras or&ccedil;ament&aacute;rias, possibilidades de investimentos, capta&ccedil;&atilde;o e aproxima&ccedil;&atilde;o das pastas do Executivo correlacionadas.<\/p>\n<p>A Lei de regulamenta&ccedil;&atilde;o do Conselho ainda &eacute; &uacute;nico vetor que inclina a Secom para um relacionamento com as demais secretarias para al&eacute;m do papel de assessoria de imprensa e&nbsp; da defini&ccedil;&atilde;o de campanhas publicit&aacute;rias. Conv&ecirc;nios e compreens&otilde;es sobre as pol&iacute;ticas de comunica&ccedil;&atilde;o precisam estar no cerne do Estado.<\/p>\n<p>Por exemplo, &eacute; sinalizada uma revis&atilde;o da Companhia de Processamento de Dados (Prodeb) na oferta de infraestrutura tecnol&oacute;gica aos servi&ccedil;os p&uacute;blicos. &Eacute; importante que o Conselho se aproxime dessas discuss&otilde;es, caso contr&aacute;rio, suas prerrogativas de inclus&atilde;o digital v&atilde;o ficar inveross&iacute;meis.<\/p>\n<p>Outro caminho proveitoso e transformador seria se a Secom e a Secretaria de Cultura (Secult) tivessem trabalhos conjuntos, desde base, na concep&ccedil;&atilde;o dos representantes territoriais e produ&ccedil;&atilde;o e difus&atilde;o dos Pontos de Cultura. S&atilde;o duas secretarias novas, e o ideal, era que fossem uma s&oacute;. Mas a forma como a transfer&ecirc;ncia do Irdeb se deu simbolizou o afastamento dessas duas &ldquo;irm&atilde;s&rdquo;.<\/p>\n<p>Os exemplos se sucedem na Educa&ccedil;&atilde;o, Desenvolvimento Social, Sa&uacute;de&hellip; Nos &uacute;ltimos dois meses a Secom permaneceu no cerne do governo em temas como a greve dos policiais militares. A quest&atilde;o daqui para frente &eacute; saber: qual papel a secretaria ir&aacute; cumprir nas decis&otilde;es de Estado e como seu principal &oacute;rg&atilde;o, o Conselho, poder&aacute; auxili&aacute;-la? &Eacute; bem prov&aacute;vel que essa d&uacute;vida seja um terceiro problema para o Conselho n&atilde;o ter se reunido.<\/p>\n<p><em>Pedro Carib&eacute; &eacute; jornalista graduado pela Universidade Federal da Bahia (UFBA). &Eacute; um dos autores do livro &quot;A constru&ccedil;&atilde;o da viol&ecirc;ncia na televis&atilde;o da Bahia: um estudo dos programas Se Liga Boc&atilde;o e Na Mira, Ed. Edufba, 2011&quot;. Integrante do Intervozes. Conselheiro eleito representando a sociedade civil no Conselho Estadual de Comunica&ccedil;&atilde;o Social da Bahia. &Eacute; autor do blog Vozes Baianas: <a href=\"www.vozesbaianas.wordpress.com\" target=\"_blank\">www.vozesbaianas.wordpress.com .<\/a>  <\/em><\/span><\/p>\n","protected":false},"excerpt":{"rendered":"<p><span class=\"padrao\">Dois meses depois, o colegiado ainda n&atilde;o se reuniu e  o governo n&atilde;o sinalizou qualquer previs&atilde;o aos membros. Aos desavisados,  a situa&ccedil;&atilde;o j&aacute; era esperada<\/span><\/p>\n","protected":false},"author":1,"featured_media":0,"comment_status":"open","ping_status":"open","sticky":false,"template":"","format":"standard","meta":{"footnotes":""},"categories":[42],"tags":[1666],"_links":{"self":[{"href":"https:\/\/obscom.intervozes.org.br\/index.php?rest_route=\/wp\/v2\/posts\/26714"}],"collection":[{"href":"https:\/\/obscom.intervozes.org.br\/index.php?rest_route=\/wp\/v2\/posts"}],"about":[{"href":"https:\/\/obscom.intervozes.org.br\/index.php?rest_route=\/wp\/v2\/types\/post"}],"author":[{"embeddable":true,"href":"https:\/\/obscom.intervozes.org.br\/index.php?rest_route=\/wp\/v2\/users\/1"}],"replies":[{"embeddable":true,"href":"https:\/\/obscom.intervozes.org.br\/index.php?rest_route=%2Fwp%2Fv2%2Fcomments&post=26714"}],"version-history":[{"count":0,"href":"https:\/\/obscom.intervozes.org.br\/index.php?rest_route=\/wp\/v2\/posts\/26714\/revisions"}],"wp:attachment":[{"href":"https:\/\/obscom.intervozes.org.br\/index.php?rest_route=%2Fwp%2Fv2%2Fmedia&parent=26714"}],"wp:term":[{"taxonomy":"category","embeddable":true,"href":"https:\/\/obscom.intervozes.org.br\/index.php?rest_route=%2Fwp%2Fv2%2Fcategories&post=26714"},{"taxonomy":"post_tag","embeddable":true,"href":"https:\/\/obscom.intervozes.org.br\/index.php?rest_route=%2Fwp%2Fv2%2Ftags&post=26714"}],"curies":[{"name":"wp","href":"https:\/\/api.w.org\/{rel}","templated":true}]}}