{"id":26708,"date":"2012-03-12T15:40:44","date_gmt":"2012-03-12T15:40:44","guid":{"rendered":"https:\/\/obscom.intervozes.org.br\/wordpress\/?p=26708"},"modified":"2012-03-12T15:40:44","modified_gmt":"2012-03-12T15:40:44","slug":"ministros-renovam-compromisso-de-interligar-redes-de-comunicacao-na-america-do-sul","status":"publish","type":"post","link":"https:\/\/obscom.intervozes.org.br\/?p=26708","title":{"rendered":"Ministros renovam compromisso de interligar redes de comunica\u00e7\u00e3o na Am\u00e9rica do Sul"},"content":{"rendered":"<p><span class=\"padrao\">Os ministros de Comunica&ccedil;&otilde;es dos pa&iacute;ses da Uni&atilde;o de Na&ccedil;&otilde;es Sul-Americanas (Unasul) assinaram nesta sexta-feira, em Assun&ccedil;&atilde;o, no Paraguai, uma declara&ccedil;&atilde;o em que renovaram o compromisso de continuar trabalhando juntos para garantir a interconex&atilde;o de suas redes. Os ministros aprovaram os prazos para a implementa&ccedil;&atilde;o de cada fase do projeto de anel &oacute;ptico, que dever&aacute; ser conclu&iacute;do em tr&ecirc;s anos.<\/p>\n<p>O documento destaca a import&acirc;ncia do projeto para possibilitar aos cidad&atilde;os uma conex&atilde;o mais r&aacute;pida a pre&ccedil;os mais baixos, al&eacute;m de fortalecer a soberania dos pa&iacute;ses. &Eacute; que, atualmente, o caminho percorrido pelos dados numa simples conex&atilde;o &agrave; internet &eacute; extenso e caro: se um internauta do Brasil acessa um site do Chile, por exemplo, a conex&atilde;o segue at&eacute; um servidor nos Estados Unidos, via cabos submarinos, para, ent&atilde;o, voltar ao Chile. Com o anel &oacute;ptico interligando os pa&iacute;ses sul-americanos, o tr&aacute;fego circular&aacute; diretamente entre as redes locais.<\/p>\n<p>A declara&ccedil;&atilde;o ressalta, ainda, a necessidade de trabalhar para a gera&ccedil;&atilde;o, armazenamento e distribui&ccedil;&atilde;o de conte&uacute;dos locais, de modo a aumentar a import&acirc;ncia do tr&aacute;fego de dados na regi&atilde;o.<\/p>\n<p>Tamb&eacute;m foram definidas as datas dos pr&oacute;ximos encontros sobre o projeto. Em junho, ocorrer&aacute; a II Reuni&atilde;o do Grupo de Trabalho de Telecomunica&ccedil;&otilde;es, em Assun&ccedil;&atilde;o. Em setembro, o Brasil sediar&aacute; a III Reuni&atilde;o de Ministros de Comunica&ccedil;&otilde;es dos pa&iacute;ses membros da UNASUL.<\/p>\n<p>Assinam o documento os ministros dos seguintes pa&iacute;ses: Argentina, Brasil, Bol&iacute;via, Chile, Col&ocirc;mbia, Equador, Guiana, Paraguai, Peru, Suriname, Uruguai e Venezuela.<\/p>\n<p><a href=\"http:\/\/www.mc.gov.br\/images\/Declaracion-Ministros-de-Comunicacion.pdf\" target=\"_blank\">Confira a &iacute;ntegra da declara&ccedil;&atilde;o<\/a> <\/span><\/p>\n","protected":false},"excerpt":{"rendered":"<p>Os ministros de Comunica&ccedil;&otilde;es dos pa&iacute;ses da Uni&atilde;o de Na&ccedil;&otilde;es Sul-Americanas (Unasul) assinaram nesta sexta-feira, em Assun&ccedil;&atilde;o, no Paraguai, uma declara&ccedil;&atilde;o em que renovaram o compromisso de continuar trabalhando juntos para garantir a interconex&atilde;o de suas redes. Os ministros aprovaram os prazos para a implementa&ccedil;&atilde;o de cada fase do projeto de anel &oacute;ptico, que dever&aacute; &hellip; <a href=\"https:\/\/obscom.intervozes.org.br\/?p=26708\" class=\"more-link\">Continue lendo <span class=\"screen-reader-text\">Ministros renovam compromisso de interligar redes de comunica\u00e7\u00e3o na Am\u00e9rica do Sul<\/span> <span class=\"meta-nav\">&rarr;<\/span><\/a><\/p>\n","protected":false},"author":1,"featured_media":0,"comment_status":"open","ping_status":"open","sticky":false,"template":"","format":"standard","meta":{"footnotes":""},"categories":[40],"tags":[545],"_links":{"self":[{"href":"https:\/\/obscom.intervozes.org.br\/index.php?rest_route=\/wp\/v2\/posts\/26708"}],"collection":[{"href":"https:\/\/obscom.intervozes.org.br\/index.php?rest_route=\/wp\/v2\/posts"}],"about":[{"href":"https:\/\/obscom.intervozes.org.br\/index.php?rest_route=\/wp\/v2\/types\/post"}],"author":[{"embeddable":true,"href":"https:\/\/obscom.intervozes.org.br\/index.php?rest_route=\/wp\/v2\/users\/1"}],"replies":[{"embeddable":true,"href":"https:\/\/obscom.intervozes.org.br\/index.php?rest_route=%2Fwp%2Fv2%2Fcomments&post=26708"}],"version-history":[{"count":0,"href":"https:\/\/obscom.intervozes.org.br\/index.php?rest_route=\/wp\/v2\/posts\/26708\/revisions"}],"wp:attachment":[{"href":"https:\/\/obscom.intervozes.org.br\/index.php?rest_route=%2Fwp%2Fv2%2Fmedia&parent=26708"}],"wp:term":[{"taxonomy":"category","embeddable":true,"href":"https:\/\/obscom.intervozes.org.br\/index.php?rest_route=%2Fwp%2Fv2%2Fcategories&post=26708"},{"taxonomy":"post_tag","embeddable":true,"href":"https:\/\/obscom.intervozes.org.br\/index.php?rest_route=%2Fwp%2Fv2%2Ftags&post=26708"}],"curies":[{"name":"wp","href":"https:\/\/api.w.org\/{rel}","templated":true}]}}