{"id":26706,"date":"2012-03-09T17:41:00","date_gmt":"2012-03-09T17:41:00","guid":{"rendered":"https:\/\/obscom.intervozes.org.br\/wordpress\/?p=26706"},"modified":"2012-03-09T17:41:00","modified_gmt":"2012-03-09T17:41:00","slug":"abraco-lanca-manifesto-pela-sustentabilidade-das-radios-comunitarias","status":"publish","type":"post","link":"https:\/\/obscom.intervozes.org.br\/?p=26706","title":{"rendered":"Abra\u00e7o lan\u00e7a manifesto pela sustentabilidade das r\u00e1dios comunit\u00e1rias"},"content":{"rendered":"<p><strong>Reda&ccedil;&atilde;o &#8211; Observat&oacute;rio do Direito &agrave; Comunica&ccedil;&atilde;o<\/strong><\/p>\n<p>A Associa&ccedil;&atilde;o Brasileira de Radiodifus&atilde;o Comunit&aacute;ria (Abra&ccedil;o) publicou hoje um manifesto em defesa do fortalecimento das r&aacute;dios comunit&aacute;rias. A entidade afirma que &eacute; preciso garantir a sustentabilidade das emissoras atrav&eacute;s de &quot;financiamento p&uacute;blico, o incentivo &agrave; economia local, a altern&acirc;ncia de canais e o aumento da pot&ecirc;ncia&quot;.<\/p>\n<p>A associa&ccedil;&atilde;o ainda critica a portaria 462 do Minist&eacute;rio das Comunica&ccedil;&otilde;es, afirmando que a medida &quot;refor&ccedil;a a l&oacute;gica excludente e restritiva imposta &agrave;s comunidades&quot;, restrigindo ainda mais a sustentabilidade das emissoras. A Abra&ccedil;o afirma que nos pr&oacute;ximos dias ir&aacute; organizar mobiliza&ccedil;&otilde;es pelo atendimento das &quot;reivindica&ccedil;&otilde;es hist&oacute;ricas&quot; do movimento. <\/p>\n<p><a href=\"http:\/\/www.abraconacional.org\/manifesto-pela-sustentabilidade-da-radiodifusao-comunitaria\/\" target=\"_blank\">Leia a nota na &iacute;ntegra.<\/a> <\/p>\n","protected":false},"excerpt":{"rendered":"<p>Reda&ccedil;&atilde;o &#8211; Observat&oacute;rio do Direito &agrave; Comunica&ccedil;&atilde;o A Associa&ccedil;&atilde;o Brasileira de Radiodifus&atilde;o Comunit&aacute;ria (Abra&ccedil;o) publicou hoje um manifesto em defesa do fortalecimento das r&aacute;dios comunit&aacute;rias. A entidade afirma que &eacute; preciso garantir a sustentabilidade das emissoras atrav&eacute;s de &quot;financiamento p&uacute;blico, o incentivo &agrave; economia local, a altern&acirc;ncia de canais e o aumento da pot&ecirc;ncia&quot;. A &hellip; <a href=\"https:\/\/obscom.intervozes.org.br\/?p=26706\" class=\"more-link\">Continue lendo <span class=\"screen-reader-text\">Abra\u00e7o lan\u00e7a manifesto pela sustentabilidade das r\u00e1dios comunit\u00e1rias<\/span> <span class=\"meta-nav\">&rarr;<\/span><\/a><\/p>\n","protected":false},"author":1,"featured_media":0,"comment_status":"open","ping_status":"open","sticky":false,"template":"","format":"standard","meta":{"footnotes":""},"categories":[39],"tags":[],"_links":{"self":[{"href":"https:\/\/obscom.intervozes.org.br\/index.php?rest_route=\/wp\/v2\/posts\/26706"}],"collection":[{"href":"https:\/\/obscom.intervozes.org.br\/index.php?rest_route=\/wp\/v2\/posts"}],"about":[{"href":"https:\/\/obscom.intervozes.org.br\/index.php?rest_route=\/wp\/v2\/types\/post"}],"author":[{"embeddable":true,"href":"https:\/\/obscom.intervozes.org.br\/index.php?rest_route=\/wp\/v2\/users\/1"}],"replies":[{"embeddable":true,"href":"https:\/\/obscom.intervozes.org.br\/index.php?rest_route=%2Fwp%2Fv2%2Fcomments&post=26706"}],"version-history":[{"count":0,"href":"https:\/\/obscom.intervozes.org.br\/index.php?rest_route=\/wp\/v2\/posts\/26706\/revisions"}],"wp:attachment":[{"href":"https:\/\/obscom.intervozes.org.br\/index.php?rest_route=%2Fwp%2Fv2%2Fmedia&parent=26706"}],"wp:term":[{"taxonomy":"category","embeddable":true,"href":"https:\/\/obscom.intervozes.org.br\/index.php?rest_route=%2Fwp%2Fv2%2Fcategories&post=26706"},{"taxonomy":"post_tag","embeddable":true,"href":"https:\/\/obscom.intervozes.org.br\/index.php?rest_route=%2Fwp%2Fv2%2Ftags&post=26706"}],"curies":[{"name":"wp","href":"https:\/\/api.w.org\/{rel}","templated":true}]}}