{"id":26696,"date":"2012-03-08T17:47:46","date_gmt":"2012-03-08T17:47:46","guid":{"rendered":"https:\/\/obscom.intervozes.org.br\/wordpress\/?p=26696"},"modified":"2012-03-08T17:47:46","modified_gmt":"2012-03-08T17:47:46","slug":"pai-da-mordaca-digital-presidira-comissao-de-tecnologia-da-camara","status":"publish","type":"post","link":"https:\/\/obscom.intervozes.org.br\/?p=26696","title":{"rendered":"Pai da &#8216;morda\u00e7a digital&#8217; presidir\u00e1 comiss\u00e3o de Tecnologia da C\u00e2mara"},"content":{"rendered":"<p><span class=\"padrao\">O deputado Eduardo Azeredo (PSDB-MG) foi eleito nesta quarta-feira, 7, por unanimidade, presidente da Comiss&atilde;o de Ci&ecirc;ncia, Tecnologia e Inform&aacute;tica. A escolha de Azeredo provocou rea&ccedil;&otilde;es entre ativistas da liberdade da internet porque o tucano foi o relator no Senado de um projeto chamado de &ldquo;morda&ccedil;a digital&rdquo; por este movimento. A proposta pol&ecirc;mica de Azeredo est&aacute; pronta para vota&ccedil;&atilde;o justamente na comiss&atilde;o que ser&aacute; presidida por ele.<\/p>\n<p>Para os ativistas, o projeto traz uma supress&atilde;o de direitos dos usu&aacute;rios da internet. Na vis&atilde;o deles, os provedores passariam a ter fun&ccedil;&atilde;o policial por serem obrigados a manterem informa&ccedil;&otilde;es de navega&ccedil;&atilde;o e poderem repassar esses dados ao Minist&eacute;rio P&uacute;blico mesmo sem ordem judicial.<\/p>\n<p>&ldquo;O projeto tem a&ccedil;&otilde;es que s&atilde;o inaceit&aacute;veis no mundo real e que se deseja implantar na internet. &Eacute; a mesma coisa de se permitir &agrave;s companhias telef&ocirc;nicas fazer grampos ou aos Correios abrir correspond&ecirc;ncias sem ordem judicial&rdquo;, diz Marcelo Branco, ex-diretor da Campus Party e assessor para internet da campanha da presidente Dilma Rousseff em 2010.<\/p>\n<p>Idealizador de um movimento chamado de &ldquo;Mega N&atilde;o&rdquo; em oposi&ccedil;&atilde;o ao projeto, o publicit&aacute;rio Jo&atilde;o Carlos Carib&eacute; v&ecirc; na indica&ccedil;&atilde;o uma estrat&eacute;gia dos que desejam a aprova&ccedil;&atilde;o da proposta. &ldquo;O Azeredo &eacute; o pai do projeto. Ele desencarnou do Senado e reencarnou como deputado para fazer esse projeto andar. Com ele na presid&ecirc;ncia da comiss&atilde;o vai ser imposs&iacute;vel impedir a aprova&ccedil;&atilde;o&rdquo;, afirma o publicit&aacute;rio. &ldquo;Ele foi o autor da maior amea&ccedil;a &agrave; liberdade civil de todos os tempos, ent&atilde;o essa escolha nos traz tristeza e preocupa&ccedil;&atilde;o&rdquo;, complementa Marcelo Branco.<\/p>\n<p>O projeto tem como principal objetivo criar uma legisla&ccedil;&atilde;o contra crimes cibern&eacute;ticos. Azeredo destaca que a&ccedil;&otilde;es recentes feitas por hackers contra sites governamentais e de bancos refor&ccedil;am a necessidade da proposta. &ldquo;O governo tem sido omisso&rdquo;. Ele diz, por&eacute;m, n&atilde;o pretender usar o cargo para acelerar a tramita&ccedil;&atilde;o. &ldquo;&Eacute; um assunto que ser&aacute; tratado no tempo certo&rdquo;. O l&iacute;der do PSDB, Bruno Ara&uacute;jo (PE), diz que a indica&ccedil;&atilde;o do colega deve-se a sua hist&oacute;ria no Congresso. &ldquo;A hist&oacute;ria dele &eacute; muito maior do que isso, mas este projeto tem boas qualidades e precisa avan&ccedil;ar&rdquo;.<\/p>\n<p>A mobiliza&ccedil;&atilde;o dos ativistas levou o ent&atilde;o l&iacute;der do PT, Paulo Teixeira, a apresentar no ano passado outro projeto sobre o mesmo tema. Essa nova proposta tem apoio de deputados do PMDB, PSB, PC do B e PDT. Para o petista, esta articula&ccedil;&atilde;o enterrar&aacute; o projeto de Azeredo. &ldquo;O projeto dele perdeu for&ccedil;a, morreu. A rea&ccedil;&atilde;o da sociedade foi muito grande.<br \/>Essa coloca&ccedil;&atilde;o dele como presidente n&atilde;o mudar&aacute; isso&rdquo;. O tucano chegou a ser convidado a aderir ao projeto de Teixeira, mas recusou. &ldquo;&Eacute; um projeto incompleto e que ainda teria passar pelo Senado. N&atilde;o d&aacute; para esperar mais dez anos por isso&rdquo;.<\/p>\n<p>Al&eacute;m do questionamento ao m&eacute;rito da proposta de Azeredo, ativistas defendem ser necess&aacute;ria a defini&ccedil;&atilde;o de um &ldquo;marco civil para a internet&rdquo; antes de se definir uma lei de crimes. Projeto nessa dire&ccedil;&atilde;o foi enviado ao Congresso no ano passado pela presidente Dilma Rousseff. Uma comiss&atilde;o especial foi criada para analis&aacute;-lo, mas n&atilde;o chegou a ser instalada porque PSDB, PMDB e PSOL ainda n&atilde;o indicaram seus representantes.<\/span><\/p>\n","protected":false},"excerpt":{"rendered":"<p>O deputado Eduardo Azeredo (PSDB-MG) foi eleito nesta quarta-feira, 7, por unanimidade, presidente da Comiss&atilde;o de Ci&ecirc;ncia, Tecnologia e Inform&aacute;tica. A escolha de Azeredo provocou rea&ccedil;&otilde;es entre ativistas da liberdade da internet porque o tucano foi o relator no Senado de um projeto chamado de &ldquo;morda&ccedil;a digital&rdquo; por este movimento. A proposta pol&ecirc;mica de Azeredo &hellip; <a href=\"https:\/\/obscom.intervozes.org.br\/?p=26696\" class=\"more-link\">Continue lendo <span class=\"screen-reader-text\">Pai da &#8216;morda\u00e7a digital&#8217; presidir\u00e1 comiss\u00e3o de Tecnologia da C\u00e2mara<\/span> <span class=\"meta-nav\">&rarr;<\/span><\/a><\/p>\n","protected":false},"author":1,"featured_media":0,"comment_status":"open","ping_status":"open","sticky":false,"template":"","format":"standard","meta":{"footnotes":""},"categories":[40],"tags":[268],"_links":{"self":[{"href":"https:\/\/obscom.intervozes.org.br\/index.php?rest_route=\/wp\/v2\/posts\/26696"}],"collection":[{"href":"https:\/\/obscom.intervozes.org.br\/index.php?rest_route=\/wp\/v2\/posts"}],"about":[{"href":"https:\/\/obscom.intervozes.org.br\/index.php?rest_route=\/wp\/v2\/types\/post"}],"author":[{"embeddable":true,"href":"https:\/\/obscom.intervozes.org.br\/index.php?rest_route=\/wp\/v2\/users\/1"}],"replies":[{"embeddable":true,"href":"https:\/\/obscom.intervozes.org.br\/index.php?rest_route=%2Fwp%2Fv2%2Fcomments&post=26696"}],"version-history":[{"count":0,"href":"https:\/\/obscom.intervozes.org.br\/index.php?rest_route=\/wp\/v2\/posts\/26696\/revisions"}],"wp:attachment":[{"href":"https:\/\/obscom.intervozes.org.br\/index.php?rest_route=%2Fwp%2Fv2%2Fmedia&parent=26696"}],"wp:term":[{"taxonomy":"category","embeddable":true,"href":"https:\/\/obscom.intervozes.org.br\/index.php?rest_route=%2Fwp%2Fv2%2Fcategories&post=26696"},{"taxonomy":"post_tag","embeddable":true,"href":"https:\/\/obscom.intervozes.org.br\/index.php?rest_route=%2Fwp%2Fv2%2Ftags&post=26696"}],"curies":[{"name":"wp","href":"https:\/\/api.w.org\/{rel}","templated":true}]}}