{"id":26693,"date":"2012-03-08T17:26:17","date_gmt":"2012-03-08T17:26:17","guid":{"rendered":"https:\/\/obscom.intervozes.org.br\/wordpress\/?p=26693"},"modified":"2012-03-08T17:26:17","modified_gmt":"2012-03-08T17:26:17","slug":"oab-quer-informacoes-da-anatel-sobre-controle-da-qualide-do-servico-de-telefonia-movel","status":"publish","type":"post","link":"https:\/\/obscom.intervozes.org.br\/?p=26693","title":{"rendered":"OAB quer informa\u00e7\u00f5es da Anatel sobre controle da qualide do servi\u00e7o de telefonia m\u00f3vel"},"content":{"rendered":"<p><span class=\"padrao\">A Ordem dos Advogados do Brasil (OAB) quer saber quais exig&ecirc;ncias est&atilde;o sendo feitas pela Ag&ecirc;ncia Nacional de Telecomunica&ccedil;&otilde;es (Anatel) &agrave;s operadoras de telefonia celular em rela&ccedil;&atilde;o &agrave; qualidade dos servi&ccedil;os prestados no pa&iacute;s.<\/p>\n<p>Hoje (7), o presidente nacional da OAB, Ophir Cavalcante, enviou um of&iacute;cio ao presidente da Anatel, Jo&atilde;o Rezende, pedindo esclarecimentos sobre a atua&ccedil;&atilde;o da ag&ecirc;ncia em rela&ccedil;&atilde;o ao &ldquo;quadro ca&oacute;tico&rdquo; dos servi&ccedil;os prestados pelas operadoras de telefonia m&oacute;vel.<\/p>\n<p>&ldquo;A telefonia m&oacute;vel alcan&ccedil;ou o status de g&ecirc;nero de primeira necessidade, sendo esta a raz&atilde;o inconteste para que a presta&ccedil;&atilde;o de servi&ccedil;os ocorra com um m&iacute;nimo de qualidade, efici&ecirc;ncia e seguran&ccedil;a. Entretanto, estamos longe daquilo que poder&iacute;amos qualificar como minimamente razo&aacute;vel&rdquo;, aponta o presidente da OAB, no documento.<\/p>\n<p>A entidade pediu &agrave; Anatel informa&ccedil;&otilde;es sobre as exig&ecirc;ncias feitas &agrave;s operadoras, as medidas promovidas pela ag&ecirc;ncia para melhorar os servi&ccedil;os e as san&ccedil;&otilde;es que j&aacute; foram aplicadas em raz&atilde;o do descumprimento nos contratos de presta&ccedil;&atilde;o de servi&ccedil;os e abusos cometidos contra o direito do consumidor.<\/p>\n<p>A OAB tamb&eacute;m solicitou detalhes do cen&aacute;rio da telefonia m&oacute;vel no Brasil, principalmente quanto ao cumprimento de metas e indicadores de desempenho das empresas e dos investimentos aplicados na &aacute;rea de infraestrutura para o setor.<\/p>\n<p>A Anatel informou que j&aacute; recebeu o of&iacute;cio da OAB e que vai prestar os esclarecimentos solicitados pela entidade.<\/span><\/p>\n","protected":false},"excerpt":{"rendered":"<p>A Ordem dos Advogados do Brasil (OAB) quer saber quais exig&ecirc;ncias est&atilde;o sendo feitas pela Ag&ecirc;ncia Nacional de Telecomunica&ccedil;&otilde;es (Anatel) &agrave;s operadoras de telefonia celular em rela&ccedil;&atilde;o &agrave; qualidade dos servi&ccedil;os prestados no pa&iacute;s. Hoje (7), o presidente nacional da OAB, Ophir Cavalcante, enviou um of&iacute;cio ao presidente da Anatel, Jo&atilde;o Rezende, pedindo esclarecimentos sobre &hellip; <a href=\"https:\/\/obscom.intervozes.org.br\/?p=26693\" class=\"more-link\">Continue lendo <span class=\"screen-reader-text\">OAB quer informa\u00e7\u00f5es da Anatel sobre controle da qualide do servi\u00e7o de telefonia m\u00f3vel<\/span> <span class=\"meta-nav\">&rarr;<\/span><\/a><\/p>\n","protected":false},"author":1,"featured_media":0,"comment_status":"open","ping_status":"open","sticky":false,"template":"","format":"standard","meta":{"footnotes":""},"categories":[40],"tags":[81],"_links":{"self":[{"href":"https:\/\/obscom.intervozes.org.br\/index.php?rest_route=\/wp\/v2\/posts\/26693"}],"collection":[{"href":"https:\/\/obscom.intervozes.org.br\/index.php?rest_route=\/wp\/v2\/posts"}],"about":[{"href":"https:\/\/obscom.intervozes.org.br\/index.php?rest_route=\/wp\/v2\/types\/post"}],"author":[{"embeddable":true,"href":"https:\/\/obscom.intervozes.org.br\/index.php?rest_route=\/wp\/v2\/users\/1"}],"replies":[{"embeddable":true,"href":"https:\/\/obscom.intervozes.org.br\/index.php?rest_route=%2Fwp%2Fv2%2Fcomments&post=26693"}],"version-history":[{"count":0,"href":"https:\/\/obscom.intervozes.org.br\/index.php?rest_route=\/wp\/v2\/posts\/26693\/revisions"}],"wp:attachment":[{"href":"https:\/\/obscom.intervozes.org.br\/index.php?rest_route=%2Fwp%2Fv2%2Fmedia&parent=26693"}],"wp:term":[{"taxonomy":"category","embeddable":true,"href":"https:\/\/obscom.intervozes.org.br\/index.php?rest_route=%2Fwp%2Fv2%2Fcategories&post=26693"},{"taxonomy":"post_tag","embeddable":true,"href":"https:\/\/obscom.intervozes.org.br\/index.php?rest_route=%2Fwp%2Fv2%2Ftags&post=26693"}],"curies":[{"name":"wp","href":"https:\/\/api.w.org\/{rel}","templated":true}]}}