{"id":26690,"date":"2012-03-07T15:28:34","date_gmt":"2012-03-07T15:28:34","guid":{"rendered":"https:\/\/obscom.intervozes.org.br\/wordpress\/?p=26690"},"modified":"2012-03-07T15:28:34","modified_gmt":"2012-03-07T15:28:34","slug":"juiz-que-condenou-lucio-flavio-chama-jornalista-de-canalha-otario-e-babaca","status":"publish","type":"post","link":"https:\/\/obscom.intervozes.org.br\/?p=26690","title":{"rendered":"Juiz que condenou L\u00facio Fl\u00e1vio chama jornalista de &#8216;canalha&#8217;, &#8216;ot\u00e1rio&#8217; e &#8216;babaca&#8217;"},"content":{"rendered":"<p><span class=\"padrao\">O juiz da 1&ordf; Vara C&iacute;vel do Tribunal de Justi&ccedil;a do Par&aacute;, Am&iacute;lcar Roberto Bezerra Guimar&atilde;es, respons&aacute;vel pela condena&ccedil;&atilde;o do jornalista paraense L&uacute;cio Fl&aacute;vio Pinto, manifestou-se sobre o caso em uma rede social, ap&oacute;s sua senten&ccedil;a ter sido questionada, recentemente, por milhares de amigos e f&atilde;s do jornalista, considerado uma das maiores autoridades brasileiras em Amaz&ocirc;nia.<\/p>\n<p>Em sua p&aacute;gina no Facebook, o juiz chama L&uacute;cio Fl&aacute;vio Pinto de &ldquo;canalha&rdquo;, diz estar &ldquo;puto n&atilde;o, magoado&rdquo;, afirma que &ldquo;n&atilde;o confia na justi&ccedil;a&rdquo; e ainda esbanja ironia ao provocar o jornalista para que o denuncie ao Conselho Nacional de Justi&ccedil;a (CNJ): &ldquo;Eu quero me aposentar. Bem que esse ot&aacute;rio do LFP poderia fazer uma reclama&ccedil;&atilde;o no CNJ Conselho Nacional de Justi&ccedil;a. Juro que n&atilde;o me defendo e aceito a aposentadoria agora. Me ajuda, babaca!!!!!&rdquo;.<\/p>\n<p>Am&iacute;lcar Roberto Bezerra Guimar&atilde;es assinou a senten&ccedil;a condenat&oacute;ria de L&uacute;cio Fl&aacute;vio Pinto em 2006, quando substituiu, por apenas um dia, o juiz respons&aacute;vel por julgar uma a&ccedil;&atilde;o indenizat&oacute;ria movida contra o jornalista pelo empreiteiro Cec&iacute;lio do Rego Almeida, propriet&aacute;rio da empresa CR Almeida, do Paran&aacute;.<\/p>\n<p>O empreiteiro havia sido denunciado por L&uacute;cio, em reportagem publicada pelo Jornal Pessoal, em 1999, por tentar promover uma das maiores grilagens da hist&oacute;ria da Amaz&ocirc;nia brasileira. De acordo com a mat&eacute;ria, ele tentara se apropriar de uma &aacute;rea de sete milh&otilde;es de hectares (superior a de v&aacute;rios estados brasileiros), &agrave;s margens do Rio Xingu, onde hoje est&aacute; sendo constru&iacute;da a hidrel&eacute;trica de Belo Monte. As den&uacute;ncias impactaram no cancelamento da opera&ccedil;&atilde;o, mas L&uacute;cio acabou processado por chamar o empreiteiro de &ldquo;pirata&rdquo; em uma das suas reportagens.<\/p>\n<p>L&uacute;cio Fl&aacute;vio Pinto &eacute; um jornalista experiente com passagens pelos j&aacute; extintos Correio da Manh&atilde; e Realidade. Foi rep&oacute;rter e coordenador da cobertura amaz&ocirc;nica de O Estado de S. Paulo. Deu cursos sobre a regi&atilde;o em universidades dos Estados Unidos e Europa. H&aacute; quase 20 anos, edita, sozinho, o Jornal Pessoal, que n&atilde;o possui publicidade. Em fun&ccedil;&atilde;o das suas reportagens investigativas que abalam os interesses dos poderosos da regi&atilde;o, acumula 33 processos judiciais. Constantemente sofre amea&ccedil;as. J&aacute; foi agredido fisicamente.<\/p>\n<p>Nas suas postagens nas redes sociais, o juiz ofende o jornalista de v&aacute;rias formas: &ldquo;canalha&rdquo;, &ldquo;bobalh&atilde;o&rdquo;, &ldquo;pateta&rdquo;, &ldquo;ot&aacute;rio&rdquo; e &ldquo;babaca&rdquo; est&atilde;o entre elas. Por&eacute;m, na sua &uacute;ltima postagem, datada desta segunda (5), questiona o direito do jornalista de ofend&ecirc;-lo, em um tom relativamente ameno, se comparado &agrave; forma como vinha tratando o caso.<\/p>\n<p>Em um coment&aacute;rio de 29\/2, explica sua posi&ccedil;&atilde;o: &ldquo;Tomei uma decis&atilde;o juridicamente correta (confirmada em todas as inst&acirc;ncias), mas politicamente insana: condenei a irm&atilde; Dorothy do jornalismo paraense em favor do satan&aacute;s da grilagem. A&iacute; o jornalista faz um monte de insinua&ccedil;&otilde;es; entre elas de que fui corrompido etc&#8230;&rdquo;. E sobe o tom: &ldquo;Pensei em d&aacute;-lhe uns sopapos, mas n&atilde;o sei brigar fisicamente; pensei em process&aacute;-lo judicialmente, mas n&atilde;o confio na justi&ccedil;a (algo que tenho em comum com o pateta do LFP)&rdquo;.<\/p>\n<p><strong>Aposentadoria &eacute; puni&ccedil;&atilde;o?<\/strong><\/p>\n<p>A investiga&ccedil;&atilde;o e puni&ccedil;&atilde;o dos magistrados pelo CNJ foi reconhecida como constitucional pelo Supremo Tribunal Federal (STF) no m&ecirc;s passado, ap&oacute;s grande pol&ecirc;mica. Entretanto, pela legisla&ccedil;&atilde;o atual, a puni&ccedil;&atilde;o m&aacute;xima poss&iacute;vel de ser aplicada aos ju&iacute;zes que comprovadamente cometerem delitos &eacute; a aposentadoria compuls&oacute;ria.<\/p>\n<p>Em postagem mais antiga, de 4\/2, ao comentar a decis&atilde;o do Supremo Tribunal Federal (SFT) de permitir que o CNJ investigue ju&iacute;zes, o juiz Am&iacute;lcar Roberto Bezerra Guimar&atilde;es ironiza a decis&atilde;o. Conta que j&aacute; respondeu a mais de sete processos administrativos, que ficou mais de um ano afastado das fun&ccedil;&otilde;es e que j&aacute; fora punido com pena de censura. Mas, no final, revela que sua vontade mesmo &eacute; ser investigado e punido, atualmente.<\/p>\n<p>&ldquo;A vida &eacute; muito estranha. Passei minha carreira na Magistratura toda mais respondendo reclama&ccedil;&otilde;es feitas contra mim na Corregedoria do que julgando processos. Processos administrativos foram mais de sete, sendo que fiquei mais de um ano afastado das fun&ccedil;&otilde;es em 1992, e em um deles fui punido com a pena de censura. Agora, que eu j&aacute; tenho tempo para me aposentar e que o CNJ anda ca&ccedil;ando bruxas a torto e a direito, n&atilde;o aparece uma m&iacute;sera reclama&ccedil;&atilde;ozinha contra mim; n&atilde;o aparece um crist&atilde;o piedoso para me acusar de qualquer coisa&#8230; Eu juro que dessa vez n&atilde;o me defendo. Onde est&atilde;o meus desafetos??? N&atilde;o sejam covardes, j&aacute; pra Corregedoria&rdquo;.<\/span><\/p>\n","protected":false},"excerpt":{"rendered":"<p>O juiz da 1&ordf; Vara C&iacute;vel do Tribunal de Justi&ccedil;a do Par&aacute;, Am&iacute;lcar Roberto Bezerra Guimar&atilde;es, respons&aacute;vel pela condena&ccedil;&atilde;o do jornalista paraense L&uacute;cio Fl&aacute;vio Pinto, manifestou-se sobre o caso em uma rede social, ap&oacute;s sua senten&ccedil;a ter sido questionada, recentemente, por milhares de amigos e f&atilde;s do jornalista, considerado uma das maiores autoridades brasileiras em &hellip; <a href=\"https:\/\/obscom.intervozes.org.br\/?p=26690\" class=\"more-link\">Continue lendo <span class=\"screen-reader-text\">Juiz que condenou L\u00facio Fl\u00e1vio chama jornalista de &#8216;canalha&#8217;, &#8216;ot\u00e1rio&#8217; e &#8216;babaca&#8217;<\/span> <span class=\"meta-nav\">&rarr;<\/span><\/a><\/p>\n","protected":false},"author":1,"featured_media":0,"comment_status":"open","ping_status":"open","sticky":false,"template":"","format":"standard","meta":{"footnotes":""},"categories":[40],"tags":[433],"_links":{"self":[{"href":"https:\/\/obscom.intervozes.org.br\/index.php?rest_route=\/wp\/v2\/posts\/26690"}],"collection":[{"href":"https:\/\/obscom.intervozes.org.br\/index.php?rest_route=\/wp\/v2\/posts"}],"about":[{"href":"https:\/\/obscom.intervozes.org.br\/index.php?rest_route=\/wp\/v2\/types\/post"}],"author":[{"embeddable":true,"href":"https:\/\/obscom.intervozes.org.br\/index.php?rest_route=\/wp\/v2\/users\/1"}],"replies":[{"embeddable":true,"href":"https:\/\/obscom.intervozes.org.br\/index.php?rest_route=%2Fwp%2Fv2%2Fcomments&post=26690"}],"version-history":[{"count":0,"href":"https:\/\/obscom.intervozes.org.br\/index.php?rest_route=\/wp\/v2\/posts\/26690\/revisions"}],"wp:attachment":[{"href":"https:\/\/obscom.intervozes.org.br\/index.php?rest_route=%2Fwp%2Fv2%2Fmedia&parent=26690"}],"wp:term":[{"taxonomy":"category","embeddable":true,"href":"https:\/\/obscom.intervozes.org.br\/index.php?rest_route=%2Fwp%2Fv2%2Fcategories&post=26690"},{"taxonomy":"post_tag","embeddable":true,"href":"https:\/\/obscom.intervozes.org.br\/index.php?rest_route=%2Fwp%2Fv2%2Ftags&post=26690"}],"curies":[{"name":"wp","href":"https:\/\/api.w.org\/{rel}","templated":true}]}}