{"id":26679,"date":"2012-03-06T17:11:27","date_gmt":"2012-03-06T17:11:27","guid":{"rendered":"https:\/\/obscom.intervozes.org.br\/wordpress\/?p=26679"},"modified":"2012-03-06T17:11:27","modified_gmt":"2012-03-06T17:11:27","slug":"ancine-diz-que-sua-regulamentacao-do-seac-so-vira-em-abril","status":"publish","type":"post","link":"https:\/\/obscom.intervozes.org.br\/?p=26679","title":{"rendered":"Ancine diz que sua regulamenta\u00e7\u00e3o do SeAC s\u00f3 vir\u00e1 em abril"},"content":{"rendered":"<p><span class=\"padrao\">A Ag&ecirc;ncia Nacional de Cinema (Ancine) admitiu nesta segunda, dia 5, que a regulamenta&ccedil;&atilde;o a ser baixada pela ag&ecirc;ncia em cumprimento &agrave; Lei 12.485\/2011 (que estabelece novas regras para o mercado de TV por assinatura) s&oacute; vir&aacute; em abril. Segundo o presidente da Ancine, Manoel Rangel, apenas no pr&oacute;ximo m&ecirc;s &eacute; que ser&atilde;o publicados os dois regulamentos colocados em consulta p&uacute;blica: a instru&ccedil;&atilde;o normativa sobre as obriga&ccedil;&otilde;es colocadas ao mercado de Servi&ccedil;o de Acesso Condicionado (SeAC) e a instru&ccedil;&atilde;o normativa com as novas regras de credenciamento, tamb&eacute;m ajustadas ao SeAC. Rangel n&atilde;o deu datas precisas.<\/p>\n<p>A regulamenta&ccedil;&atilde;o do servi&ccedil;o &eacute; um item exigido pela Lei 12.485\/2011, que d&aacute; 180 dias contados da sua publica&ccedil;&atilde;o para que a Anatel e a Ancine baixem as regras espec&iacute;ficas sobre o mercado de distribui&ccedil;&atilde;o (Anatel) e sobre os mercados de empacotamento, programa&ccedil;&atilde;o e produ&ccedil;&atilde;o (no caso da Ancine). O prazo de 180 dias esgota-se dia 12 de mar&ccedil;o pr&oacute;ximo.<\/p>\n<p>Advogados e especialistas ouvidos por este notici&aacute;rio j&aacute; apostavam que a Ancine atrasaria a conclus&atilde;o de seus trabalhos, j&aacute; que a consulta p&uacute;blica s&oacute; terminou no dia 3, e haveria pouco tempo para processar, responder &agrave;s contribui&ccedil;&otilde;es e dar a nova reda&ccedil;&atilde;o na semana de trabalho restante pelo prazo legal. Mas os advogados dizem que, apesar de infringir um prazo legal, n&atilde;o h&aacute; nenhuma lei que discipline o que &eacute; feito nesses casos, de modo que corriqueiramente prazos legais s&atilde;o descumpridos pelo pr&oacute;prio poder p&uacute;blico sem maiores consequ&ecirc;ncias.<\/p>\n<p><strong>Canal local: ainda um problema<\/strong><\/p>\n<p>Manoel Rangel, que participou do evento da associa&ccedil;&atilde;o de operadores de TV paga NeoTV, foi ainda questionado por pequenos operadores sobre como a ag&ecirc;ncia trataria os canais locais controlados e operados pelas atuais concession&aacute;rias de TV a cabo. Pela lei, a partir do dia 12 de mar&ccedil;o, esses canais n&atilde;o podem mais pertencer a uma operadora e precisariam ser transferidos para algum outro propriet&aacute;rio que n&atilde;o seja uma empresa de telecomunica&ccedil;&otilde;es. Os operadores lembraram que estes canais n&atilde;o s&oacute; s&atilde;o importantes para suas opera&ccedil;&otilde;es e para as localidades como foram estimulados pela lei anterior, de 1995 (Lei do Cabo). O presidente da Ancine reconheceu a import&acirc;ncia dos canais locais e seu papel junto &agrave;s comunidades, mas disse que a Ancine ainda n&atilde;o tem uma resposta sobre como ser&aacute; o tratamento nesses casos em que o controle perten&ccedil;a as pr&oacute;prias empresas exploradoras do servi&ccedil;o, e que estudar&aacute; uma solu&ccedil;&atilde;o para flexibilizar a regra, desde que n&atilde;o entre em confronto com a lei. &quot;Por uma leitura mais ortodoxa da lei, estes canais n&atilde;o poderiam mais existir desta forma&quot;, disse.<\/p>\n<p><strong>Dispensa<\/strong><\/p>\n<p>Outro aspecto tratado por Rangel diz respeito ao dispositivo previsto em lei e na regulamenta&ccedil;&atilde;o proposta pela Ancine que d&aacute; &agrave; ag&ecirc;ncia de cinema a prerrogativa de suspender em casos excepcionais cotas de programa&ccedil;&atilde;o. Rangel disse que esse dispositivo ser&aacute; acionado apenas em casos de exce&ccedil;&atilde;o e que se levar&aacute; em conta, al&eacute;m das quest&otilde;es t&eacute;cnicas que estejam sendo colocadas como justificativa para a dispensa de cotas, tamb&eacute;m o tamanho e tempo de opera&ccedil;&atilde;o dos canais e programadoras solicitantes. &quot;Um canal novo, ainda pequeno, pode ter as obriga&ccedil;&otilde;es suspensas por um tempo at&eacute; que se estabele&ccedil;a&quot;, afirmou.<\/span><\/p>\n","protected":false},"excerpt":{"rendered":"<p>A Ag&ecirc;ncia Nacional de Cinema (Ancine) admitiu nesta segunda, dia 5, que a regulamenta&ccedil;&atilde;o a ser baixada pela ag&ecirc;ncia em cumprimento &agrave; Lei 12.485\/2011 (que estabelece novas regras para o mercado de TV por assinatura) s&oacute; vir&aacute; em abril. Segundo o presidente da Ancine, Manoel Rangel, apenas no pr&oacute;ximo m&ecirc;s &eacute; que ser&atilde;o publicados os &hellip; <a href=\"https:\/\/obscom.intervozes.org.br\/?p=26679\" class=\"more-link\">Continue lendo <span class=\"screen-reader-text\">Ancine diz que sua regulamenta\u00e7\u00e3o do SeAC s\u00f3 vir\u00e1 em abril<\/span> <span class=\"meta-nav\">&rarr;<\/span><\/a><\/p>\n","protected":false},"author":1,"featured_media":0,"comment_status":"open","ping_status":"open","sticky":false,"template":"","format":"standard","meta":{"footnotes":""},"categories":[40],"tags":[1637],"_links":{"self":[{"href":"https:\/\/obscom.intervozes.org.br\/index.php?rest_route=\/wp\/v2\/posts\/26679"}],"collection":[{"href":"https:\/\/obscom.intervozes.org.br\/index.php?rest_route=\/wp\/v2\/posts"}],"about":[{"href":"https:\/\/obscom.intervozes.org.br\/index.php?rest_route=\/wp\/v2\/types\/post"}],"author":[{"embeddable":true,"href":"https:\/\/obscom.intervozes.org.br\/index.php?rest_route=\/wp\/v2\/users\/1"}],"replies":[{"embeddable":true,"href":"https:\/\/obscom.intervozes.org.br\/index.php?rest_route=%2Fwp%2Fv2%2Fcomments&post=26679"}],"version-history":[{"count":0,"href":"https:\/\/obscom.intervozes.org.br\/index.php?rest_route=\/wp\/v2\/posts\/26679\/revisions"}],"wp:attachment":[{"href":"https:\/\/obscom.intervozes.org.br\/index.php?rest_route=%2Fwp%2Fv2%2Fmedia&parent=26679"}],"wp:term":[{"taxonomy":"category","embeddable":true,"href":"https:\/\/obscom.intervozes.org.br\/index.php?rest_route=%2Fwp%2Fv2%2Fcategories&post=26679"},{"taxonomy":"post_tag","embeddable":true,"href":"https:\/\/obscom.intervozes.org.br\/index.php?rest_route=%2Fwp%2Fv2%2Ftags&post=26679"}],"curies":[{"name":"wp","href":"https:\/\/api.w.org\/{rel}","templated":true}]}}