{"id":26678,"date":"2012-03-06T17:08:26","date_gmt":"2012-03-06T17:08:26","guid":{"rendered":"https:\/\/obscom.intervozes.org.br\/wordpress\/?p=26678"},"modified":"2012-03-06T17:08:26","modified_gmt":"2012-03-06T17:08:26","slug":"anatel-nao-conseguira-cumprir-prazo-legal-do-dia-12-de-marco-para-regulamentar-o-seac","status":"publish","type":"post","link":"https:\/\/obscom.intervozes.org.br\/?p=26678","title":{"rendered":"Anatel n\u00e3o conseguir\u00e1 cumprir prazo legal do dia 12 de mar\u00e7o para regulamentar o SeAC"},"content":{"rendered":"<p><span class=\"padrao\">A exemplo da Ancine, que j&aacute; disse que soltar&aacute; a regulamenta&ccedil;&atilde;o do Servi&ccedil;o de Acesso Condicionado (SeAC) apenas em Abril, a Anatel tamb&eacute;m n&atilde;o vai conseguir cumprir o prazo legal para publicar o seu regulamento do novo servi&ccedil;o. Pela Lei 12.485\/2011, o dia 12 de mar&ccedil;o pr&oacute;ximo seria o limite para que as ag&ecirc;ncias reguladoras regulamentassem o SeAC. Para isso acontecer, a Anatel deveria publicar o seu regulamento ainda esta semana, o que n&atilde;o vai acontecer. Isso porque o texto s&oacute; chegou das &aacute;reas t&eacute;cnicas da ag&ecirc;ncia para o conselho na semana passada, dia 1&ordm;. <\/p>\n<p>O sorteio do relator foi nesta segunda, dia 5, e o sorteado foi o conselheiro Marcelo Bechara. Como ele foi o relator da consulta p&uacute;blica, precisou devolver a mat&eacute;ria para novo sorteio, o que ainda n&atilde;o tem data para acontecer. E considerando que foram mais de mil contribui&ccedil;&otilde;es &agrave; consulta, dificilmente algum gabinete conseguir&aacute; analisar e relatar a mat&eacute;ria em menos de uma semana, o que significa que nem na pr&oacute;xima reuni&atilde;o do dia 8, e dificilmente na seguinte, dia 15, o regulamento do SeAC da Anatel ser&aacute; submetido &agrave; avalia&ccedil;&atilde;o do colegiado da ag&ecirc;ncia, o que joga como data mais prov&aacute;vel para sua aprecia&ccedil;&atilde;o o dia 22.<\/p>\n<p>O descumprimento de um prazo legal &eacute; ruim para a Anatel do ponto de vista de imagem, j&aacute; que a ag&ecirc;ncia havia dito reiteradamente que pretendia cumprir a data prevista em lei &agrave; risca, mas n&atilde;o existe nenhum dispositivo legal que estabele&ccedil;a san&ccedil;&otilde;es nesses casos, de modo que o atraso n&atilde;o dever&aacute; trazer maiores consequ&ecirc;ncias para os administradores ou funcion&aacute;rios da autarquia.<br \/>&nbsp;<\/p>\n<p><\/span><\/p>\n","protected":false},"excerpt":{"rendered":"<p>A exemplo da Ancine, que j&aacute; disse que soltar&aacute; a regulamenta&ccedil;&atilde;o do Servi&ccedil;o de Acesso Condicionado (SeAC) apenas em Abril, a Anatel tamb&eacute;m n&atilde;o vai conseguir cumprir o prazo legal para publicar o seu regulamento do novo servi&ccedil;o. Pela Lei 12.485\/2011, o dia 12 de mar&ccedil;o pr&oacute;ximo seria o limite para que as ag&ecirc;ncias reguladoras &hellip; <a href=\"https:\/\/obscom.intervozes.org.br\/?p=26678\" class=\"more-link\">Continue lendo <span class=\"screen-reader-text\">Anatel n\u00e3o conseguir\u00e1 cumprir prazo legal do dia 12 de mar\u00e7o para regulamentar o SeAC<\/span> <span class=\"meta-nav\">&rarr;<\/span><\/a><\/p>\n","protected":false},"author":1,"featured_media":0,"comment_status":"open","ping_status":"open","sticky":false,"template":"","format":"standard","meta":{"footnotes":""},"categories":[40],"tags":[1638],"_links":{"self":[{"href":"https:\/\/obscom.intervozes.org.br\/index.php?rest_route=\/wp\/v2\/posts\/26678"}],"collection":[{"href":"https:\/\/obscom.intervozes.org.br\/index.php?rest_route=\/wp\/v2\/posts"}],"about":[{"href":"https:\/\/obscom.intervozes.org.br\/index.php?rest_route=\/wp\/v2\/types\/post"}],"author":[{"embeddable":true,"href":"https:\/\/obscom.intervozes.org.br\/index.php?rest_route=\/wp\/v2\/users\/1"}],"replies":[{"embeddable":true,"href":"https:\/\/obscom.intervozes.org.br\/index.php?rest_route=%2Fwp%2Fv2%2Fcomments&post=26678"}],"version-history":[{"count":0,"href":"https:\/\/obscom.intervozes.org.br\/index.php?rest_route=\/wp\/v2\/posts\/26678\/revisions"}],"wp:attachment":[{"href":"https:\/\/obscom.intervozes.org.br\/index.php?rest_route=%2Fwp%2Fv2%2Fmedia&parent=26678"}],"wp:term":[{"taxonomy":"category","embeddable":true,"href":"https:\/\/obscom.intervozes.org.br\/index.php?rest_route=%2Fwp%2Fv2%2Fcategories&post=26678"},{"taxonomy":"post_tag","embeddable":true,"href":"https:\/\/obscom.intervozes.org.br\/index.php?rest_route=%2Fwp%2Fv2%2Ftags&post=26678"}],"curies":[{"name":"wp","href":"https:\/\/api.w.org\/{rel}","templated":true}]}}