{"id":26671,"date":"2012-03-05T18:39:24","date_gmt":"2012-03-05T18:39:24","guid":{"rendered":"https:\/\/obscom.intervozes.org.br\/wordpress\/?p=26671"},"modified":"2012-03-05T18:39:24","modified_gmt":"2012-03-05T18:39:24","slug":"assembleia-nacional-da-abraco-promove-grande-debate-por-avancos-nas-radcoms","status":"publish","type":"post","link":"https:\/\/obscom.intervozes.org.br\/?p=26671","title":{"rendered":"Assembl\u00e9ia Nacional da Abra\u00e7o promove grande debate por avan\u00e7os nas radcoms"},"content":{"rendered":"<p><span class=\"padrao\">No primeiro dia da Assembl&eacute;ia Nacional Ordin&aacute;ria da Abra&ccedil;o (Associa&ccedil;&atilde;o Brasileira de Radiodifus&atilde;o Comunit&aacute;ria), que aconteceu nesta quinta-feira (1) na sede da entidade em Bras&iacute;lia, foi realizado um amplo debate com representantes da luta em todo o Brasil. Cada coordenador falou sobre os avan&ccedil;os, dificuldades e organiza&ccedil;&atilde;o das r&aacute;dios comunit&aacute;rias de seus respectivos estados. A reuni&atilde;o come&ccedil;ou &agrave;s 9h e seguiu at&eacute; as 18h.<\/p>\n<p>O secret&aacute;rio de Desenvolvimento Territorial do Minist&eacute;rio do Desenvolvimento Agr&aacute;rio, Jer&ocirc;nimo Rodrigues participou da abertura do evento com discurso de total apoio &agrave;s Radcom. &ldquo;Queremos construir uma rela&ccedil;&atilde;o com as r&aacute;dios comunit&aacute;ria&rdquo;, disse Jer&ocirc;nimo. Em seguida os representantes de 17 estados fizeram informes sobre sua conjuntura regional.<\/p>\n<p>O coordenador da Abra&ccedil;o-PI, Ricardo Campos, lembrou a morte da companheira de luta, Esmarilda. O coordenador da Abra&ccedil;o-RO Edimar Rodrigues falou que no estado existem 52 munic&iacute;pios e 42 emissoras comunit&aacute;rias no ar, lembrando tamb&eacute;m o choque de frequ&ecirc;ncia que ocorre em Ji-Paran&aacute;. O representante da Abra&ccedil;o pernambucana, Fl&aacute;vio, explicou uma poss&iacute;vel parceria com uma agencia de publicidade para beneficar 72 r&aacute;dios no estado. Do Mato Grosso, Geremias disse sobre o aprofundamento das rela&ccedil;&otilde;es com os movimentos s&oacute;cias: &ldquo;Precisamos fortalecer nossas rela&ccedil;&otilde;es com os movimentos sociais comprometidos com a democratiza&ccedil;&atilde;o da comunica&ccedil;&atilde;o, aglutinando for&ccedil;as para a reforma da lei 9.612 e para um novo decreto normativo que traga avan&ccedil;os&rdquo;.<\/p>\n<p>O Coordenador da Abra&ccedil;o-CE Ismar Capistrano divulgou os semin&aacute;rios jur&iacute;dicos que ser&atilde;o realizados nas regi&otilde;es Norte, Nordeste, Sudeste, Sul e Centro-Oeste, quando os coordenadores jur&iacute;dicos, advogados e outros militantes ser&atilde;o orientados para lidar com as quest&otilde;es legais das emissoras. Para subsidiar as discuss&otilde;es, a coordena&ccedil;&atilde;o jur&iacute;dica nacional ir&aacute; elaborar uma cartilha com orienta&ccedil;&otilde;es sobre o assunto. &ldquo;Muitas medidas que podem beneficiar as r&aacute;dios comunit&aacute;rias podem ser resolvidas apenas em &acirc;mbito administrativo, n&atilde;o necessitando sequer de advogado, por isso a forma&ccedil;&atilde;o &eacute; importante para as estaduais&rdquo;, disse Carlos Santin, coordenador jur&iacute;dico. &ldquo;A quest&atilde;o jur&iacute;dica est&aacute; atrelada &agrave; pol&iacute;tica, por isso precisamos pensar nesta rela&ccedil;&atilde;o&rdquo;, defendeu Jerry Andrade, coordenador executivo da Abra&ccedil;o S&atilde;o Paulo.<\/p>\n<p>Sobre encontros de forma&ccedil;&atilde;o, o coordenador de forma&ccedil;&atilde;o, Alan Camargo, explicou que paralelos aos semin&aacute;rios jur&iacute;dicos ser&atilde;o realizados encontros de forma&ccedil;&atilde;o nas regi&otilde;es para compartilhar as experi&ecirc;ncias de cursos, oficinas e laborat&oacute;rios de produ&ccedil;&atilde;o e planejar as a&ccedil;&otilde;es de capacita&ccedil;&atilde;o de multiplicadores. &ldquo;A partir deste planejamento criaremos uma Escola de Forma&ccedil;&atilde;o nos moldes de uma universidade comunit&aacute;ria com ensino, pesquisa e extens&atilde;o&rdquo;, disse.<\/p>\n<p>O Coordenador Executivo da Abra&ccedil;o Nacional, Jos&eacute; S&oacute;ter, considerou que a assembl&eacute;ia foi bastante produtiva para concretizar os planos de desenvolvimento para o setor. &ldquo;A Assembleia teve um alto n&iacute;vel de debate pol&iacute;tico que consolida os avan&ccedil;os das r&aacute;dios comunit&aacute;rias&rdquo;, avaliou.<\/p>\n<p>Os Coordenadores que estiveram presentes na Assembl&eacute;ia Nacional Ordin&aacute;ria da Abra&ccedil;o foram: Ricardo Campos (PI), Moreira (PE), Ismar Capistrano e S&eacute;rgio Lira (CE), Edimar Rodrigues (TO), Jerry (SP), Luis (PR), Alan Camargo e Clementino (RS), Kamayura Saldanha e Jairo Bispo (BA), Santin (SC), Valdeci Borges (GO), Hugo Tavares (RN), Fl&aacute;vio e Wagner Souto (PE), Edmilson Caccia (MS), Jo&atilde;o Moreno e Jos&eacute; S&oacute;ter (DF), Jeremias (MT), Edmilson (RO), Ricardo Moraes (ES).<\/p>\n<p>Com informa&ccedil;&otilde;es de Ismar Capistrano<\/span><\/p>\n","protected":false},"excerpt":{"rendered":"<p>No primeiro dia da Assembl&eacute;ia Nacional Ordin&aacute;ria da Abra&ccedil;o (Associa&ccedil;&atilde;o Brasileira de Radiodifus&atilde;o Comunit&aacute;ria), que aconteceu nesta quinta-feira (1) na sede da entidade em Bras&iacute;lia, foi realizado um amplo debate com representantes da luta em todo o Brasil. Cada coordenador falou sobre os avan&ccedil;os, dificuldades e organiza&ccedil;&atilde;o das r&aacute;dios comunit&aacute;rias de seus respectivos estados. A &hellip; <a href=\"https:\/\/obscom.intervozes.org.br\/?p=26671\" class=\"more-link\">Continue lendo <span class=\"screen-reader-text\">Assembl\u00e9ia Nacional da Abra\u00e7o promove grande debate por avan\u00e7os nas radcoms<\/span> <span class=\"meta-nav\">&rarr;<\/span><\/a><\/p>\n","protected":false},"author":1,"featured_media":0,"comment_status":"open","ping_status":"open","sticky":false,"template":"","format":"standard","meta":{"footnotes":""},"categories":[40],"tags":[133],"_links":{"self":[{"href":"https:\/\/obscom.intervozes.org.br\/index.php?rest_route=\/wp\/v2\/posts\/26671"}],"collection":[{"href":"https:\/\/obscom.intervozes.org.br\/index.php?rest_route=\/wp\/v2\/posts"}],"about":[{"href":"https:\/\/obscom.intervozes.org.br\/index.php?rest_route=\/wp\/v2\/types\/post"}],"author":[{"embeddable":true,"href":"https:\/\/obscom.intervozes.org.br\/index.php?rest_route=\/wp\/v2\/users\/1"}],"replies":[{"embeddable":true,"href":"https:\/\/obscom.intervozes.org.br\/index.php?rest_route=%2Fwp%2Fv2%2Fcomments&post=26671"}],"version-history":[{"count":0,"href":"https:\/\/obscom.intervozes.org.br\/index.php?rest_route=\/wp\/v2\/posts\/26671\/revisions"}],"wp:attachment":[{"href":"https:\/\/obscom.intervozes.org.br\/index.php?rest_route=%2Fwp%2Fv2%2Fmedia&parent=26671"}],"wp:term":[{"taxonomy":"category","embeddable":true,"href":"https:\/\/obscom.intervozes.org.br\/index.php?rest_route=%2Fwp%2Fv2%2Fcategories&post=26671"},{"taxonomy":"post_tag","embeddable":true,"href":"https:\/\/obscom.intervozes.org.br\/index.php?rest_route=%2Fwp%2Fv2%2Ftags&post=26671"}],"curies":[{"name":"wp","href":"https:\/\/api.w.org\/{rel}","templated":true}]}}