{"id":26659,"date":"2012-03-01T17:51:15","date_gmt":"2012-03-01T17:51:15","guid":{"rendered":"https:\/\/obscom.intervozes.org.br\/wordpress\/?p=26659"},"modified":"2012-03-01T17:51:15","modified_gmt":"2012-03-01T17:51:15","slug":"populacao-paraense-organiza-homenagem-ao-jornalista-lucio-flavio","status":"publish","type":"post","link":"https:\/\/obscom.intervozes.org.br\/?p=26659","title":{"rendered":"Popula\u00e7\u00e3o paraense organiza homenagem ao jornalista L\u00facio Fl\u00e1vio"},"content":{"rendered":"<p>Entidades da sociedade civil, jornalistas, personalidades p&uacute;blicas,&nbsp;Minist&eacute;rio P&uacute;blico e a Universidade Federal do Par&aacute; ir&atilde;o organizar um grande ato de solidariedade ao jornalista L&uacute;cio Fl&aacute;vio Pinto. O evento ser&aacute; na pr&oacute;xima ter&ccedil;a-feira (6), &agrave;s 18h, no audit&oacute;rio do Minist&eacute;rio P&uacute;blico Federal, em Bel&eacute;m do Par&aacute;. <\/p>\n<p>L&uacute;cio Fl&aacute;vio Pinto, jornalista e editor do Jornal Pessoal, vem sofrendo press&otilde;es, amea&ccedil;as e processos judiciais por conta do seu exerc&iacute;cio do direito &agrave; informa&ccedil;&atilde;o e por denunciar as investidas dos poderosos contra o patrim&ocirc;nio da Amaz&ocirc;nia. No &uacute;ltimo m&ecirc;s, o jornalista decidiu n&atilde;o recorrer da decis&atilde;o da justi&ccedil;a paraense que o condenou a indenizar um grande grileiro de terras por danos morais.<\/p>\n<p><em><strong>Ato de solidariedade a L&uacute;cio Flavio Pinto<\/strong><\/p>\n<p>No pr&oacute;ximo dia 6 de mar&ccedil;o (ter&ccedil;a-feira), &agrave;s 18 horas, haver&aacute; um ato de solidariedade ao jornalista L&uacute;cio Fl&aacute;vio Pinto, que vem sofrendo press&otilde;es, amea&ccedil;as e processos judiciais por conta do seu of&iacute;cio de informar, defender o direito &agrave; informa&ccedil;&atilde;o do cidad&atilde;o e denunciar as investidas dos poderosos contra o patrim&ocirc;nio da Amaz&ocirc;nia. O evento ser&aacute; realizado no audit&oacute;rio do Minist&eacute;rio P&uacute;blico Federal e contar&aacute; com a presen&ccedil;a de representantes de diversas entidades e personalidades comprometidas com a luta pela democracia e liberdade de express&atilde;o.<\/p>\n<p>Far&atilde;o parte da mesa de debate a presidente do Sindicato dos Jornalistas do Par&aacute;, Sheila Faro; o presidente da Sociedade Paraense de Defesa dos Direitos Humanos, Marco Apolo; o procurador da Rep&uacute;blica, Fel&iacute;cio Pontes; o professor e vice-coordenador do Programa de P&oacute;s-Gradua&ccedil;&atilde;o do Instituto de Ci&ecirc;ncias Jur&iacute;dicas da UFPA, Jeronimo Treccani; a pesquisadora do Museu Paraense Em&iacute;lio Goeldi, Ima Vieira; e a jornalista e professora do curso de Comunica&ccedil;&atilde;o Social da UFPA, Rosaly Britto.<\/p>\n<p>Est&aacute; sendo produzido um v&iacute;deo, que mostra a participa&ccedil;&atilde;o de L&uacute;cio Fl&aacute;vio Pinto em diversos programas e document&aacute;rios sobre a sua atividade profissional. Programado, tamb&eacute;m para o evento, a venda de exemplares do Jornal Pessoal e livros produzidos pelo jornalista. Antes do encerramento do ato ser&atilde;o discutidos os rumos da campanha de solidariedade a LFP.<\/p>\n<p>A persegui&ccedil;&atilde;o pol&iacute;tica contra L&uacute;cio Fl&aacute;vio Pinto j&aacute; soma 20 anos desde o primeiro processo, em 1992. No total, s&atilde;o 33 processos judiciais c&iacute;veis e penais contra o jornalista, que tem se dedicado a sua fun&ccedil;&atilde;o de investigar, checar informa&ccedil;&otilde;es e denunciar a&ccedil;&otilde;es ilegais, corrup&ccedil;&atilde;o, crimes contra o interesse e o patrim&ocirc;nio p&uacute;blico, al&eacute;m de irregularidades no exerc&iacute;cio da fun&ccedil;&atilde;o p&uacute;blica.<\/p>\n<p>Em 1999, o Jornal Pessoal denunciou Cec&iacute;lio Rego de Almeida, dono da construtora C.R. Almeida*. O empres&aacute;rio grilou uma &aacute;rea de 4,7 milh&otilde;es de hectares de terras p&uacute;blicas, no Par&aacute;. O conhecido &ldquo;pirata fundi&aacute;rio&rdquo; processou o jornalista por suposta &ldquo;ofensa moral&rdquo;. O Tribunal de Justi&ccedil;a do Par&aacute; aceitou a queixa e condenou L&uacute;cio &agrave; indeniza&ccedil;&atilde;o de R$ 8 mil; ele recorreu ao Superior Tribunal de Justi&ccedil;a, mas no &uacute;ltimo dia 7 de fevereiro o STJ negou seguimento ao recurso, arquivando-o, sob alega&ccedil;&atilde;o de &ldquo;erros formais&rdquo;.<\/p>\n<p>O ato de solidariedade a L&uacute;cio Fl&aacute;vio Pinto faz parte da campanha &ldquo;Liberdade para L&uacute;cio Fl&aacute;vio Pinto, que j&aacute; conta com o blog somostodoslucioflaviopinto.wordpress.com e um grupo do Facebook (Pessoal do L&uacute;cio Flavio Pinto), que al&eacute;m de denunciar as persegui&ccedil;&otilde;es ao jornalista, visa tamb&eacute;m contribuir para arrecadar recursos para pagamento da senten&ccedil;a movida por Cec&iacute;lio Rego de Almeida e seus herdeiros, que est&aacute; inicialmente or&ccedil;ada em R$ 30 mil, considerando a atualiza&ccedil;&atilde;o do valor fixado como indeniza&ccedil;&atilde;o.<\/p>\n<p>A conta da campanha de contribui&ccedil;&atilde;o est&aacute; no Banco do Brasil, Ag&ecirc;ncia 3024-4, Conta Poupan&ccedil;a, varia&ccedil;&atilde;o 1, n&uacute;mero 22.108-2, CPF do titular: 212.046.162-72, Titular da conta: Pedro Carlos de Faria Pinto, irm&atilde;o do jornalista<\/em><\/p>\n","protected":false},"excerpt":{"rendered":"<p>Entidades da sociedade civil e personalidades preparam ato de solidariedade &agrave; L&uacute;cio Fl&aacute;vio Pinto. Jornalista tem 33 processos judiciais contra o seu livre exerc&iacute;cio da profiss&atilde;o. Ato ser&aacute; no dia 6 de mar&ccedil;o, em Bel&eacute;m (PA)<\/p>\n","protected":false},"author":1,"featured_media":0,"comment_status":"open","ping_status":"open","sticky":false,"template":"","format":"standard","meta":{"footnotes":""},"categories":[40],"tags":[433],"_links":{"self":[{"href":"https:\/\/obscom.intervozes.org.br\/index.php?rest_route=\/wp\/v2\/posts\/26659"}],"collection":[{"href":"https:\/\/obscom.intervozes.org.br\/index.php?rest_route=\/wp\/v2\/posts"}],"about":[{"href":"https:\/\/obscom.intervozes.org.br\/index.php?rest_route=\/wp\/v2\/types\/post"}],"author":[{"embeddable":true,"href":"https:\/\/obscom.intervozes.org.br\/index.php?rest_route=\/wp\/v2\/users\/1"}],"replies":[{"embeddable":true,"href":"https:\/\/obscom.intervozes.org.br\/index.php?rest_route=%2Fwp%2Fv2%2Fcomments&post=26659"}],"version-history":[{"count":0,"href":"https:\/\/obscom.intervozes.org.br\/index.php?rest_route=\/wp\/v2\/posts\/26659\/revisions"}],"wp:attachment":[{"href":"https:\/\/obscom.intervozes.org.br\/index.php?rest_route=%2Fwp%2Fv2%2Fmedia&parent=26659"}],"wp:term":[{"taxonomy":"category","embeddable":true,"href":"https:\/\/obscom.intervozes.org.br\/index.php?rest_route=%2Fwp%2Fv2%2Fcategories&post=26659"},{"taxonomy":"post_tag","embeddable":true,"href":"https:\/\/obscom.intervozes.org.br\/index.php?rest_route=%2Fwp%2Fv2%2Ftags&post=26659"}],"curies":[{"name":"wp","href":"https:\/\/api.w.org\/{rel}","templated":true}]}}