{"id":26646,"date":"2012-02-28T19:31:17","date_gmt":"2012-02-28T19:31:17","guid":{"rendered":"https:\/\/obscom.intervozes.org.br\/wordpress\/?p=26646"},"modified":"2012-02-28T19:31:17","modified_gmt":"2012-02-28T19:31:17","slug":"artigo-19-lanca-observatorio-de-comunicacao-comunitaria","status":"publish","type":"post","link":"https:\/\/obscom.intervozes.org.br\/?p=26646","title":{"rendered":"Artigo 19 lan\u00e7a Observat\u00f3rio de Comunica\u00e7\u00e3o Comunit\u00e1ria"},"content":{"rendered":"<p><span class=\"padrao\"><strong>Reda&ccedil;&atilde;o &#8211; Observat&oacute;rio do Direito &aacute; Comunica&ccedil;&atilde;o*<\/strong><\/p>\n<p>A Artigo 19 lan&ccedil;ou neste m&ecirc;s uma plataforma online que pretende dar visibilidade aos desafios dos ve&iacute;culos comunit&aacute;rios brasileiros. Por enquanto, o Observat&oacute;rio de Comunica&ccedil;&atilde;o Comunit&aacute;ria (http:\/\/obscomcom.org\/apresentacao) vai tratar apenas das r&aacute;dios, mas, de acordo com a ONG, mais adiante os outros meios de comunica&ccedil;&atilde;o tamb&eacute;m ser&atilde;o avaliados.<\/p>\n<p>No site, j&aacute; &eacute; poss&iacute;vel consultar um m&oacute;dulo completo sobre r&aacute;dios comunit&aacute;rias, dividido em seis partes: mapa, outorgas, fechamento, jurisprud&ecirc;ncia, sustentabilidade e experi&ecirc;ncias.<\/p>\n<p>Os pr&oacute;ximos m&oacute;dulos previstos s&atilde;o TVs, provedores, jornais e blogs comunit&aacute;rios. A Artigo 19 ainda busca apoios e parceiros, mas espera estar com tudo pronto at&eacute; o fim do ano, de modo a esclarecer a opini&atilde;o p&uacute;blica sobre a real situa&ccedil;&atilde;o da comunica&ccedil;&atilde;o comunit&aacute;ria no pa&iacute;s.<\/p>\n<p>*Com informa&ccedil;&otilde;es do blog Jornalismo das Am&eacute;ricas<\/span><\/p>\n","protected":false},"excerpt":{"rendered":"<p>Reda&ccedil;&atilde;o &#8211; Observat&oacute;rio do Direito &aacute; Comunica&ccedil;&atilde;o* A Artigo 19 lan&ccedil;ou neste m&ecirc;s uma plataforma online que pretende dar visibilidade aos desafios dos ve&iacute;culos comunit&aacute;rios brasileiros. Por enquanto, o Observat&oacute;rio de Comunica&ccedil;&atilde;o Comunit&aacute;ria (http:\/\/obscomcom.org\/apresentacao) vai tratar apenas das r&aacute;dios, mas, de acordo com a ONG, mais adiante os outros meios de comunica&ccedil;&atilde;o tamb&eacute;m ser&atilde;o avaliados. &hellip; <a href=\"https:\/\/obscom.intervozes.org.br\/?p=26646\" class=\"more-link\">Continue lendo <span class=\"screen-reader-text\">Artigo 19 lan\u00e7a Observat\u00f3rio de Comunica\u00e7\u00e3o Comunit\u00e1ria<\/span> <span class=\"meta-nav\">&rarr;<\/span><\/a><\/p>\n","protected":false},"author":1,"featured_media":0,"comment_status":"open","ping_status":"open","sticky":false,"template":"","format":"standard","meta":{"footnotes":""},"categories":[39],"tags":[],"_links":{"self":[{"href":"https:\/\/obscom.intervozes.org.br\/index.php?rest_route=\/wp\/v2\/posts\/26646"}],"collection":[{"href":"https:\/\/obscom.intervozes.org.br\/index.php?rest_route=\/wp\/v2\/posts"}],"about":[{"href":"https:\/\/obscom.intervozes.org.br\/index.php?rest_route=\/wp\/v2\/types\/post"}],"author":[{"embeddable":true,"href":"https:\/\/obscom.intervozes.org.br\/index.php?rest_route=\/wp\/v2\/users\/1"}],"replies":[{"embeddable":true,"href":"https:\/\/obscom.intervozes.org.br\/index.php?rest_route=%2Fwp%2Fv2%2Fcomments&post=26646"}],"version-history":[{"count":0,"href":"https:\/\/obscom.intervozes.org.br\/index.php?rest_route=\/wp\/v2\/posts\/26646\/revisions"}],"wp:attachment":[{"href":"https:\/\/obscom.intervozes.org.br\/index.php?rest_route=%2Fwp%2Fv2%2Fmedia&parent=26646"}],"wp:term":[{"taxonomy":"category","embeddable":true,"href":"https:\/\/obscom.intervozes.org.br\/index.php?rest_route=%2Fwp%2Fv2%2Fcategories&post=26646"},{"taxonomy":"post_tag","embeddable":true,"href":"https:\/\/obscom.intervozes.org.br\/index.php?rest_route=%2Fwp%2Fv2%2Ftags&post=26646"}],"curies":[{"name":"wp","href":"https:\/\/api.w.org\/{rel}","templated":true}]}}