{"id":26645,"date":"2012-02-28T19:27:55","date_gmt":"2012-02-28T19:27:55","guid":{"rendered":"https:\/\/obscom.intervozes.org.br\/wordpress\/?p=26645"},"modified":"2012-02-28T19:27:55","modified_gmt":"2012-02-28T19:27:55","slug":"critica-a-critica-e-aos-criticos-da-midia","status":"publish","type":"post","link":"https:\/\/obscom.intervozes.org.br\/?p=26645","title":{"rendered":"Cr\u00edtica \u00e0 cr\u00edtica (e aos cr\u00edticos) da m\u00eddia"},"content":{"rendered":"<p><span class=\"padrao\">O professor Gilberto Maringoni, em artigo recente amplamente divulgado pela blogosfera que comp&otilde;e a chamada &ldquo;m&iacute;dia alternativa&rdquo;, lembrou aos maiores cr&iacute;ticos da &ldquo;grande m&iacute;dia&rdquo; que esta era em grande parte financiada pelo governo federal, por meio de cotas de patroc&iacute;nio que, apenas para a Veja, rendiam perto de 1,5 milh&atilde;o de reais por semana. Sua inten&ccedil;&atilde;o era a de criticar os contumazes cr&iacute;ticos da m&iacute;dia que, mais ou menos alinhados com o governo federal e com o PT, gastavam horas de seus dias a enxovalhar a m&iacute;dia, seja chamando-a de PIG (Partido da Imprensa Golpista) ou, agora, de PUM (Partido &Uacute;nico da M&iacute;dia &ndash; com direito a trocadilho proposital).<\/p>\n<p>O primeiro termo, popularizado pelo jornalista Paulo Henrique Amorim, soa ainda mais ir&ocirc;nico se contarmos que este trabalha para um not&oacute;rio membro do&#8230; PIG: a Rede Record, do bispo Edir Macedo. O segundo termo vem sendo usado pelo insuspeito professor Laurindo Lalo Leal Filho e, ao menos de sua parte, h&aacute; consist&ecirc;ncia no uso do termo.<\/p>\n<p>N&atilde;o se trata de debater a validade dos termos ou mesmo o car&aacute;ter da grande m&iacute;dia, mas talvez de se entender quais interesses est&atilde;o por tr&aacute;s da cr&iacute;tica. N&atilde;o posso colocar em d&uacute;vida a idoneidade e honestidade do professor Lalo, mas come&ccedil;o a suspeitar de jornalistas alinhados &agrave; grande m&iacute;dia e mesmo que recebem &ndash; por um meio ou por outro &ndash; financiamento estatal (caso, por exemplo, do sempre presente e atuante Luis Nassif, funcion&aacute;rio da TV Brasil) e que gastam boa parte de seu tempo e de seu espa&ccedil;o em seus respectivos blogs\/portais para criticar ve&iacute;culos &ldquo;inimigos&rdquo; e pol&iacute;ticos n&atilde;o-alinhados com o atual governo.<\/p>\n<p>&Eacute; sintom&aacute;tico o desaparecimento de certas cr&iacute;ticas a pol&iacute;ticos que passam para o lado governista e &eacute; not&aacute;vel o tom brando empregado contra o governo quando de atua&ccedil;&otilde;es semelhantes ou mesmo mais acintosas que as do governo anterior, ou mesmo totalmente diversas daquelas prometidas em campanha.<\/p>\n<p><strong>Timidez patol&oacute;gica<\/strong><\/p>\n<p>H&aacute;, por parte de um crescente contingente daqueles defensores da &ldquo;m&iacute;dia livre&rdquo;, um alinhamento autom&aacute;tico com o governo federal que mascara erros, que abranda problemas e realiza uma defesa intransigente e inconsciente de todas ou da maior parte das atitudes governamentais, sem matizes ou pondera&ccedil;&otilde;es. H&aacute;, dentre muitos governistas que continuam a reclamar da necessidade de uma democratiza&ccedil;&atilde;o das comunica&ccedil;&otilde;es, profundo sil&ecirc;ncio sobre o emprego de nossos impostos em revistas da Editora Abril, mas ao mesmo tempo esses mesmos indiv&iacute;duos que silenciam neste assunto reclamam e bradam contra as compras e contratos feitos entre o governo de S&atilde;o Paulo (do PSDB) e a mesma editora.<\/p>\n<p>Est&aacute; claro que, em ambos os casos, h&aacute; o que se investigar e reclamar, mesmo repudiar, mas apenas um dos casos, ou um dos lados, acaba veementemente criticado.<\/p>\n<p>Fala-se muito que as redes de TV, concess&otilde;es p&uacute;blicas, t&ecirc;m um lado. Alguns afirmam claramente que Globo, Band e outras apoiaram claramente o candidato derrotado tucano Jos&eacute; Serra nas elei&ccedil;&otilde;es passadas, mas quando s&atilde;o perguntados sobre por que o governo federal n&atilde;o se move para rever as regras para concess&otilde;es p&uacute;blicas, calam-se &ndash; d&atilde;o desculpas pouco cr&iacute;veis ou simplesmente apelam para o velho chav&atilde;o da &ldquo;governabilidade&rdquo;. Termo este, ali&aacute;s, usado para explicar toda derrapada ou desastre patrocinado pelo governo federal. Se faz algo, merece aplausos, se errou, faz-se sil&ecirc;ncio ou tira-se da cartola a palavrinha m&aacute;gica que tudo explica.<\/p>\n<p>H&aacute;, dentre os v&aacute;rios cr&iacute;ticos da m&iacute;dia, uma falta patol&oacute;gica de autocr&iacute;tica e um excesso de subservi&ecirc;ncia e mesmo de umbiguismo. Chego at&eacute; a considerar um certo duplipensar. Para mudar a m&iacute;dia, &eacute; preciso constante press&atilde;o, mas o que vemos &eacute; uma timidez patol&oacute;gica quando o assunto vira um problema para seu pr&oacute;prio lado. Podemos avan&ccedil;ar apenas at&eacute; o ponto em que os interesses de um ou outro grupo &ndash; e s&atilde;o cada vez mais grupos &ndash; passam a ser a &ldquo;v&iacute;tima&rdquo;. Sempre, claro, que o grupo se coloca ao lado do governo.<\/p>\n<p>Enquanto os cr&iacute;ticos da m&iacute;dia forem apenas isso &ndash; cr&iacute;ticos daquilo que n&atilde;o gostam, do outro lado &ndash; e n&atilde;o cr&iacute;ticos de todo um conjunto de institui&ccedil;&otilde;es, indiv&iacute;duos, partidos e ind&uacute;stria, n&atilde;o haver&aacute; qualquer mudan&ccedil;a significativa no caminho da democratiza&ccedil;&atilde;o das comunica&ccedil;&otilde;es no pa&iacute;s.<\/p>\n<p><em>Raphael Tsavkko Garcia &eacute; jornalista, blogueiro e mestrando em Comunica&ccedil;&atilde;o<\/em><\/span><\/p>\n","protected":false},"excerpt":{"rendered":"<p><span class=\"padrao\">Enquanto os cr&iacute;ticos da m&iacute;dia forem apenas isso &ndash;  cr&iacute;ticos daquilo que n&atilde;o gostam, do outro lado &ndash; e n&atilde;o cr&iacute;ticos de todo  um conjunto de institui&ccedil;&otilde;es, indiv&iacute;duos, partidos e ind&uacute;stria, n&atilde;o  haver&aacute; qualquer mudan&ccedil;a significativa no caminho da democratiza&ccedil;&atilde;o das  comunica&ccedil;&otilde;es no pa&iacute;s.<\/span><\/p>\n","protected":false},"author":1,"featured_media":0,"comment_status":"open","ping_status":"open","sticky":false,"template":"","format":"standard","meta":{"footnotes":""},"categories":[42],"tags":[1567],"_links":{"self":[{"href":"https:\/\/obscom.intervozes.org.br\/index.php?rest_route=\/wp\/v2\/posts\/26645"}],"collection":[{"href":"https:\/\/obscom.intervozes.org.br\/index.php?rest_route=\/wp\/v2\/posts"}],"about":[{"href":"https:\/\/obscom.intervozes.org.br\/index.php?rest_route=\/wp\/v2\/types\/post"}],"author":[{"embeddable":true,"href":"https:\/\/obscom.intervozes.org.br\/index.php?rest_route=\/wp\/v2\/users\/1"}],"replies":[{"embeddable":true,"href":"https:\/\/obscom.intervozes.org.br\/index.php?rest_route=%2Fwp%2Fv2%2Fcomments&post=26645"}],"version-history":[{"count":0,"href":"https:\/\/obscom.intervozes.org.br\/index.php?rest_route=\/wp\/v2\/posts\/26645\/revisions"}],"wp:attachment":[{"href":"https:\/\/obscom.intervozes.org.br\/index.php?rest_route=%2Fwp%2Fv2%2Fmedia&parent=26645"}],"wp:term":[{"taxonomy":"category","embeddable":true,"href":"https:\/\/obscom.intervozes.org.br\/index.php?rest_route=%2Fwp%2Fv2%2Fcategories&post=26645"},{"taxonomy":"post_tag","embeddable":true,"href":"https:\/\/obscom.intervozes.org.br\/index.php?rest_route=%2Fwp%2Fv2%2Ftags&post=26645"}],"curies":[{"name":"wp","href":"https:\/\/api.w.org\/{rel}","templated":true}]}}