{"id":26632,"date":"2012-02-25T01:15:48","date_gmt":"2012-02-25T01:15:48","guid":{"rendered":"https:\/\/obscom.intervozes.org.br\/wordpress\/?p=26632"},"modified":"2012-02-25T01:15:48","modified_gmt":"2012-02-25T01:15:48","slug":"programa-banda-larga-nas-escolas-ja-atende-592-mil-instituicoes","status":"publish","type":"post","link":"https:\/\/obscom.intervozes.org.br\/?p=26632","title":{"rendered":"Programa Banda Larga nas Escolas j\u00e1 atende 59,2 mil institui\u00e7\u00f5es"},"content":{"rendered":"<p><span class=\"padrao\">Em 2011 foram ativados pontos de conex&atilde;o em 4,5 mil escolas, com velocidade acima de 2 Mbps.<\/p>\n<p>O Programa Banda Larga nas Escolas chega a 59,2 mil institui&ccedil;&otilde;es p&uacute;blicas urbanas de ensino fundamental e m&eacute;dio no Brasil. De acordo com levantamento da Associa&ccedil;&atilde;o Brasileira de Telecomunica&ccedil;&otilde;es (Telebrasil), s&oacute; em 2011 foram ativados novos pontos de conex&atilde;o em 4.506 escolas, o que representa mais de 12 institui&ccedil;&otilde;es conectadas por dia.<\/p>\n<p>Implantado pelas concession&aacute;rias de telefonia fixa em 2008, o programa consiste na conex&atilde;o gratuita das escolas p&uacute;blicas urbanas. A meta inicial era atender 55 mil escolas e foi ampliada para 69,1 mil em virtude da inclus&atilde;o de novas institui&ccedil;&otilde;es na &aacute;rea urbana dos munic&iacute;pios.<\/p>\n<p>Pelo programa, essas escolas ter&atilde;o acesso gratuito em banda larga durante 24 horas por dia at&eacute; 2025, quando vencem os atuais contratos de concess&atilde;o da telefonia fixa. O compromisso tamb&eacute;m prev&ecirc; o atendimento de novas institui&ccedil;&otilde;es p&uacute;blicas de ensino, identificadas pelo censo escolar, que vierem a integrar as &aacute;reas urbanas at&eacute; o fim dos contratos.<\/p>\n<p>Segundo o levantamento, do total de escolas conectadas, 36,4 mil s&atilde;o institui&ccedil;&otilde;es municipais, 22,5 mil s&atilde;o estaduais e 251 federais. A maior concentra&ccedil;&atilde;o de escolas urbanas est&aacute; no Estado de S&atilde;o Paulo (8.723), seguido de Minas Gerais (6.703), da Bahia (5.243), do Rio de Janeiro (4.517) e do Paran&aacute; (4.229). As institui&ccedil;&otilde;es est&atilde;o conectadas em velocidades acima de 2 Megabits por segundo (Mbps) e em alguns casos a velocidade chega a at&eacute; 10 Mbps.<\/span><\/p>\n","protected":false},"excerpt":{"rendered":"<p>Em 2011 foram ativados pontos de conex&atilde;o em 4,5 mil escolas, com velocidade acima de 2 Mbps. O Programa Banda Larga nas Escolas chega a 59,2 mil institui&ccedil;&otilde;es p&uacute;blicas urbanas de ensino fundamental e m&eacute;dio no Brasil. De acordo com levantamento da Associa&ccedil;&atilde;o Brasileira de Telecomunica&ccedil;&otilde;es (Telebrasil), s&oacute; em 2011 foram ativados novos pontos de &hellip; <a href=\"https:\/\/obscom.intervozes.org.br\/?p=26632\" class=\"more-link\">Continue lendo <span class=\"screen-reader-text\">Programa Banda Larga nas Escolas j\u00e1 atende 59,2 mil institui\u00e7\u00f5es<\/span> <span class=\"meta-nav\">&rarr;<\/span><\/a><\/p>\n","protected":false},"author":1,"featured_media":0,"comment_status":"open","ping_status":"open","sticky":false,"template":"","format":"standard","meta":{"footnotes":""},"categories":[40],"tags":[150],"_links":{"self":[{"href":"https:\/\/obscom.intervozes.org.br\/index.php?rest_route=\/wp\/v2\/posts\/26632"}],"collection":[{"href":"https:\/\/obscom.intervozes.org.br\/index.php?rest_route=\/wp\/v2\/posts"}],"about":[{"href":"https:\/\/obscom.intervozes.org.br\/index.php?rest_route=\/wp\/v2\/types\/post"}],"author":[{"embeddable":true,"href":"https:\/\/obscom.intervozes.org.br\/index.php?rest_route=\/wp\/v2\/users\/1"}],"replies":[{"embeddable":true,"href":"https:\/\/obscom.intervozes.org.br\/index.php?rest_route=%2Fwp%2Fv2%2Fcomments&post=26632"}],"version-history":[{"count":0,"href":"https:\/\/obscom.intervozes.org.br\/index.php?rest_route=\/wp\/v2\/posts\/26632\/revisions"}],"wp:attachment":[{"href":"https:\/\/obscom.intervozes.org.br\/index.php?rest_route=%2Fwp%2Fv2%2Fmedia&parent=26632"}],"wp:term":[{"taxonomy":"category","embeddable":true,"href":"https:\/\/obscom.intervozes.org.br\/index.php?rest_route=%2Fwp%2Fv2%2Fcategories&post=26632"},{"taxonomy":"post_tag","embeddable":true,"href":"https:\/\/obscom.intervozes.org.br\/index.php?rest_route=%2Fwp%2Fv2%2Ftags&post=26632"}],"curies":[{"name":"wp","href":"https:\/\/api.w.org\/{rel}","templated":true}]}}