{"id":26627,"date":"2012-02-15T13:51:20","date_gmt":"2012-02-15T13:51:20","guid":{"rendered":"https:\/\/obscom.intervozes.org.br\/wordpress\/?p=26627"},"modified":"2012-02-15T13:51:20","modified_gmt":"2012-02-15T13:51:20","slug":"ministro-afirma-que-marco-regulatorio-esta-proximo","status":"publish","type":"post","link":"https:\/\/obscom.intervozes.org.br\/?p=26627","title":{"rendered":"Ministro afirma que marco regulat\u00f3rio est\u00e1 pr\u00f3ximo"},"content":{"rendered":"<p><span class=\"padrao\">O ministro das Comunica&ccedil;&otilde;es, Paulo Bernardo, afirmou que a revis&atilde;o do projeto de marco regulat&oacute;rio das comunica&ccedil;&otilde;es j&aacute; foi conclu&iacute;da por seu minist&eacute;rio e dever&aacute; ser objeto de consulta p&uacute;blica em breve. Sem estabelecer data, Paulo Bernardo disse que s&atilde;o necess&aacute;rias apenas mais algumas conversas dentro do governo. As declara&ccedil;&otilde;es foram feitas nesta ter&ccedil;a-feira (14), durante o Semin&aacute;rio Pol&iacute;ticas de (Tele)Comunica&ccedil;&otilde;es, organizado pela Converge, em Bras&iacute;lia.<\/p>\n<p>Bernardo garantiu que o novo marco regulat&oacute;rio tem como base o projeto deixado pelo ministro da Comunica&ccedil;&atilde;o Social da Presid&ecirc;ncia da Rep&uacute;blica do governo Lula, Franklin Martins, mas se mostrou avesso a regula&ccedil;&atilde;o de conte&uacute;do de r&aacute;dio e televis&atilde;o, pauta do movimento social que luta pela democratiza&ccedil;&atilde;o da comunica&ccedil;&atilde;o. &ldquo;Se a TV tem conte&uacute;do ruim, para isso tem controle remoto. Se o governo se mete a dizer o que &eacute; conte&uacute;do bom o que &eacute; ruim, n&oacute;s vamos atolar na sa&iacute;da&rdquo;, afirmou.<\/p>\n<p>O ministro qualificou o debate do marco regulat&oacute;rio como espinhoso porque mexe com um setor &ldquo;forte economicamente, com faturamento de R$ 20 bilh&otilde;es por ano, e forte socialmente, porque seus servi&ccedil;os s&atilde;o extremamente populares&rdquo; e disse que a discuss&atilde;o p&uacute;blica deste projeto deve come&ccedil;ar dizendo que a Constitui&ccedil;&atilde;o n&atilde;o permite censura. &nbsp;<\/p>\n<p><strong>Repercuss&otilde;es<\/strong><\/p>\n<p>Durante o semin&aacute;rio, outros palestrantes tamb&eacute;m opinaram sobre o marco regulat&oacute;rio. O presidente da Ag&ecirc;ncia Nacional de Telecomunica&ccedil;&otilde;es (Anatel), Jo&atilde;o Rezende, disse que o servi&ccedil;o de voz est&aacute; perdendo cada vez mais valor e precisa ser redefinido. Ele revelou que seu gabinete est&aacute; trabalhando, ainda de forma incipiente, em um novo marco legal para as telecomunica&ccedil;&otilde;es e disse que &ldquo;se o Minist&eacute;rio das Comunica&ccedil;&otilde;es assumir essa bandeira podemos avan&ccedil;ar ainda este ano&rdquo;. <\/p>\n<p>O integrante do Coletivo Intervozes, Jo&atilde;o Brant, qualificou como muito ruim a fragmenta&ccedil;&atilde;o das discuss&otilde;es do marco regulat&oacute;rio e destacou a import&acirc;ncia de uma vis&atilde;o estrat&eacute;gica que parta de princ&iacute;pios, entre eles a universaliza&ccedil;&atilde;o dos servi&ccedil;os, liberdade de express&atilde;o, pluralismo, diversidade e neutralidade. &ldquo;&Eacute; importante que possamos fazer esse debate n&atilde;o s&oacute; no sentido de acomoda&ccedil;&atilde;o de neg&oacute;cios, mas uma discuss&atilde;o de direitos&rdquo;, ponderou.<\/p>\n<p>O diretor regional do SBT, Daniel Slaviero, destacou que o novo marco deve mesmo sair do papel, uma vez que &ldquo;tudo que a equipe do Paulo Bernardo colocou na agenda andou&rdquo;, e que a principal demanda dos radiodifusores &eacute; a migra&ccedil;&atilde;o de compet&ecirc;ncias do Minicom para a Anatel. Ele ainda apontou que um marco regulat&oacute;rio que n&atilde;o ataque a internet ser&aacute; defasado. Nesta ter&ccedil;a, a Associa&ccedil;&atilde;o Brasileira das Emissoras de R&aacute;dio e Televis&atilde;o (Abert) enviou uma carta ao Minist&eacute;rio das Comunica&ccedil;&otilde;es manifestando sua preocupa&ccedil;&atilde;o sobre como ser&aacute; tratada a quest&atilde;o do capital estrangeiro na internet. Atualmente, a participa&ccedil;&atilde;o do capital estrangeiro nas empresas de radiodifus&atilde;o &eacute; limitada em 30%. <\/p>\n<p>Durante sua palestra, o ministro Paulo Bernardo defendeu que este limite tamb&eacute;m seja estabelecido para os sites jornal&iacute;sticos na internet, por&eacute;m adiantou que esta ainda n&atilde;o &eacute; uma posi&ccedil;&atilde;o fechada dentro do governo. <br \/><\/span><\/p>\n","protected":false},"excerpt":{"rendered":"<p>Em debate <span class=\"padrao\">realizado nesta ter&ccedil;a-feira (14), Paulo Bernardo anunciou que seu minist&eacute;rio j&aacute; concluiu a primeira vers&atilde;o do novo marco regulat&oacute;rio do setor e que espera retorno do governo para sua divulga&ccedil;&atilde;o<\/span><\/p>\n","protected":false},"author":1,"featured_media":0,"comment_status":"open","ping_status":"open","sticky":false,"template":"","format":"standard","meta":{"footnotes":""},"categories":[40],"tags":[1656],"_links":{"self":[{"href":"https:\/\/obscom.intervozes.org.br\/index.php?rest_route=\/wp\/v2\/posts\/26627"}],"collection":[{"href":"https:\/\/obscom.intervozes.org.br\/index.php?rest_route=\/wp\/v2\/posts"}],"about":[{"href":"https:\/\/obscom.intervozes.org.br\/index.php?rest_route=\/wp\/v2\/types\/post"}],"author":[{"embeddable":true,"href":"https:\/\/obscom.intervozes.org.br\/index.php?rest_route=\/wp\/v2\/users\/1"}],"replies":[{"embeddable":true,"href":"https:\/\/obscom.intervozes.org.br\/index.php?rest_route=%2Fwp%2Fv2%2Fcomments&post=26627"}],"version-history":[{"count":0,"href":"https:\/\/obscom.intervozes.org.br\/index.php?rest_route=\/wp\/v2\/posts\/26627\/revisions"}],"wp:attachment":[{"href":"https:\/\/obscom.intervozes.org.br\/index.php?rest_route=%2Fwp%2Fv2%2Fmedia&parent=26627"}],"wp:term":[{"taxonomy":"category","embeddable":true,"href":"https:\/\/obscom.intervozes.org.br\/index.php?rest_route=%2Fwp%2Fv2%2Fcategories&post=26627"},{"taxonomy":"post_tag","embeddable":true,"href":"https:\/\/obscom.intervozes.org.br\/index.php?rest_route=%2Fwp%2Fv2%2Ftags&post=26627"}],"curies":[{"name":"wp","href":"https:\/\/api.w.org\/{rel}","templated":true}]}}