{"id":26626,"date":"2012-02-14T10:57:25","date_gmt":"2012-02-14T10:57:25","guid":{"rendered":"https:\/\/obscom.intervozes.org.br\/wordpress\/?p=26626"},"modified":"2012-02-14T10:57:25","modified_gmt":"2012-02-14T10:57:25","slug":"anatel-estuda-regulacao-unica-para-servicos-convergentes","status":"publish","type":"post","link":"https:\/\/obscom.intervozes.org.br\/?p=26626","title":{"rendered":"Anatel estuda regula\u00e7\u00e3o \u00fanica para servi\u00e7os convergentes"},"content":{"rendered":"<p><span class=\"padrao\">O vice-presidente da Ag&ecirc;ncia Nacional de Telecomunica&ccedil;&otilde;es, Jarbas Valente, apresentou nesta sexta-feira (10), em palestra na Campus Party, o debate que est&aacute; tocando na ag&ecirc;ncia para uma &ldquo;poss&iacute;vel atualiza&ccedil;&atilde;o regulat&oacute;ria&rdquo; que leve em conta o processo de converg&ecirc;ncia dos servi&ccedil;os e tecnologias pelo qual o setor de telecomunica&ccedil;&otilde;es passa hoje, como j&aacute; comentou em entrevista ao Tele.S&iacute;ntese An&aacute;lise.<\/p>\n<p>Segundo o conselheiro da Anatel, est&atilde;o em estudo diversas propostas para criar uma regula&ccedil;&atilde;o &uacute;nica para os diversos servi&ccedil;os que passar&atilde;o a ser oferecidos por IP, sob a nomenclatura de Servi&ccedil;o de Rede de Banda Larga.<\/p>\n<p>&ldquo;Os servi&ccedil;os v&atilde;o deixar de existir individualmente e passar&atilde;o a existir como aplica&ccedil;&otilde;es de um &uacute;nico servi&ccedil;o&rdquo;, afirmou Valente, explicando a necessidade de ter tamb&eacute;m uma regula&ccedil;&atilde;o convergente, &ldquo;da mesma forma que os 18 servi&ccedil;os de dados diferentes que existiam antes foram consolidados sob o Servi&ccedil;o de Comunica&ccedil;&atilde;o Multim&iacute;dia, e que hoje vemos na TV por assinatura com a Lei do SeAC&rdquo;.<\/p>\n<p>As propostas sendo estudadas incluem a possibilidade de acabar com o regime p&uacute;blico da telefonia fixa, &uacute;nico dos servi&ccedil;os de telecomunica&ccedil;&otilde;es que hoje n&atilde;o &eacute; prestado em regime privado. Para o conselheiro, a migra&ccedil;&atilde;o do STFC &eacute; a melhor alternativa regulat&oacute;ria, uma vez que o regime privado permite maior flexibilidade, juntamente com a cria&ccedil;&atilde;o de um novo servi&ccedil;o convergente.<\/p>\n<p>Tamb&eacute;m est&atilde;o sendo analisadas diferentes propostas de servi&ccedil;os p&uacute;blicos de banda larga, o que possibilitaria o uso de recursos de fundos setoriais como Fust e Funtel (que tamb&eacute;m devem ser atualizados para atender &agrave;s novas tend&ecirc;ncias), al&eacute;m de modelos internacionais baseados na atua&ccedil;&atilde;o mais ou menos incisiva de uma estatal, que poderia eventualmente ser privatizada.<\/p>\n<p>&ldquo;S&atilde;o estudos que estamos fazendo, n&atilde;o &eacute; a posi&ccedil;&atilde;o final da Anatel&rdquo;, frisou Valente, que n&atilde;o especifica um prazo para as mudan&ccedil;as. Ele afirma, no entanto, que as operadoras e o setor &ldquo;deve no m&iacute;nimo estar atualizado&rdquo; at&eacute; a Copa do Mundo em 2014 e os Jogos Ol&iacute;mpicos em 2016.&ldquo;Quanto mais r&aacute;pido fizermos, melhor&quot;.<br \/><\/span><\/p>\n","protected":false},"excerpt":{"rendered":"<p>O vice-presidente da Ag&ecirc;ncia Nacional de Telecomunica&ccedil;&otilde;es, Jarbas Valente, apresentou nesta sexta-feira (10), em palestra na Campus Party, o debate que est&aacute; tocando na ag&ecirc;ncia para uma &ldquo;poss&iacute;vel atualiza&ccedil;&atilde;o regulat&oacute;ria&rdquo; que leve em conta o processo de converg&ecirc;ncia dos servi&ccedil;os e tecnologias pelo qual o setor de telecomunica&ccedil;&otilde;es passa hoje, como j&aacute; comentou em entrevista &hellip; <a href=\"https:\/\/obscom.intervozes.org.br\/?p=26626\" class=\"more-link\">Continue lendo <span class=\"screen-reader-text\">Anatel estuda regula\u00e7\u00e3o \u00fanica para servi\u00e7os convergentes<\/span> <span class=\"meta-nav\">&rarr;<\/span><\/a><\/p>\n","protected":false},"author":1,"featured_media":0,"comment_status":"open","ping_status":"open","sticky":false,"template":"","format":"standard","meta":{"footnotes":""},"categories":[40],"tags":[188],"_links":{"self":[{"href":"https:\/\/obscom.intervozes.org.br\/index.php?rest_route=\/wp\/v2\/posts\/26626"}],"collection":[{"href":"https:\/\/obscom.intervozes.org.br\/index.php?rest_route=\/wp\/v2\/posts"}],"about":[{"href":"https:\/\/obscom.intervozes.org.br\/index.php?rest_route=\/wp\/v2\/types\/post"}],"author":[{"embeddable":true,"href":"https:\/\/obscom.intervozes.org.br\/index.php?rest_route=\/wp\/v2\/users\/1"}],"replies":[{"embeddable":true,"href":"https:\/\/obscom.intervozes.org.br\/index.php?rest_route=%2Fwp%2Fv2%2Fcomments&post=26626"}],"version-history":[{"count":0,"href":"https:\/\/obscom.intervozes.org.br\/index.php?rest_route=\/wp\/v2\/posts\/26626\/revisions"}],"wp:attachment":[{"href":"https:\/\/obscom.intervozes.org.br\/index.php?rest_route=%2Fwp%2Fv2%2Fmedia&parent=26626"}],"wp:term":[{"taxonomy":"category","embeddable":true,"href":"https:\/\/obscom.intervozes.org.br\/index.php?rest_route=%2Fwp%2Fv2%2Fcategories&post=26626"},{"taxonomy":"post_tag","embeddable":true,"href":"https:\/\/obscom.intervozes.org.br\/index.php?rest_route=%2Fwp%2Fv2%2Ftags&post=26626"}],"curies":[{"name":"wp","href":"https:\/\/api.w.org\/{rel}","templated":true}]}}