{"id":26624,"date":"2012-02-14T10:25:49","date_gmt":"2012-02-14T10:25:49","guid":{"rendered":"https:\/\/obscom.intervozes.org.br\/wordpress\/?p=26624"},"modified":"2012-02-14T10:25:49","modified_gmt":"2012-02-14T10:25:49","slug":"definicao-de-empresa-controlada-volta-a-pauta-em-nova-audiencia-publica-da-ancine","status":"publish","type":"post","link":"https:\/\/obscom.intervozes.org.br\/?p=26624","title":{"rendered":"Defini\u00e7\u00e3o de empresa controlada volta \u00e0 pauta em nova audi\u00eancia p\u00fablica da Ancine"},"content":{"rendered":"<p><span class=\"padrao\">Com sala cheia na Cinemateca Brasileira em S&atilde;o Paulo, a Ancine realizou nesta segunda, 13, sua segunda audi&ecirc;ncia p&uacute;blica sobre duas Instru&ccedil;&otilde;es Normativas que regulamentam a Lei 12.485\/2011, que cria o Servi&ccedil;o de Acesso Condicionado (SeAC). Embora o n&uacute;mero de pessoas presentes, bem como o de inscritos para se manifestar, tenha sido muito maior que na primeira audi&ecirc;ncia, que aconteceu na &uacute;ltima semana, no Rio de Janeiro, n&atilde;o surgiram muitas d&uacute;vidas ou contribui&ccedil;&otilde;es in&eacute;ditas.<\/p>\n<p>Novamente a quest&atilde;o da flexibiliza&ccedil;&atilde;o da defini&ccedil;&atilde;o de pessoa jur&iacute;dica controlada e controladora foi colocada em debate. Jo&atilde;o Brant, do Grupo Intervozes, disse que esta flexibiliza&ccedil;&atilde;o &quot;permitir&aacute; que haja um controle de fato por parte de uma programadora dita independente&quot;.<\/p>\n<p>A Ancine voltou a alegar a necessidade de maior &quot;seguran&ccedil;a jur&iacute;dica&quot;, adotando defini&ccedil;&otilde;es j&aacute; presentes na legisla&ccedil;&atilde;o brasileira, mas ainda deixando uma brecha para que a ag&ecirc;ncia intervenha em casos de &quot;ind&iacute;cios de controle&quot; de uma programadora em uma operadora e vice-versa.<\/p>\n<p><strong>Camadas<\/strong><\/p>\n<p>Oscar Sim&otilde;es, diretor da ABTA, questionou a exig&ecirc;ncia do credenciamento de operadoras na Ancine, j&aacute; que a Lei 12.485\/2011 cria a regula&ccedil;&atilde;o por camadas, sendo a Anatel a ag&ecirc;ncia respons&aacute;vel pela camada de telecomunica&ccedil;&otilde;es. Ele citou a necessidade de credenciamento das operadoras de MMDS e DTH. Alex Patez Galv&atilde;o, assessor da diretoria colegiada da Ancine, destacou que no caso das operadoras que tamb&eacute;m s&atilde;o empacotadoras (uma figura at&eacute; agora inexistente, criada na pr&oacute;pria Lei 12.485, e que se refere &agrave; empresa respons&aacute;vel por montar e negociar o line-up de canais) tamb&eacute;m s&atilde;o reguladas pela Ancine, uma vez que esta atividade est&aacute; na camada do conte&uacute;do. Al&eacute;m disso, afirmou Patez, a Ancine precisa saber quais s&atilde;o as empresas que trabalham nas plataformas que apresentam uma limita&ccedil;&atilde;o maior do n&uacute;mero de canais, como o MMDS e o DTH.<\/p>\n<p><strong>Prazos<\/strong><\/p>\n<p>Mariana Filizola, presidente da associa&ccedil;&atilde;o Neo TV, pediu prazos diferentes para adapta&ccedil;&atilde;o &agrave;s regras para operadoras e programadoras. &quot;As operadoras dependem das programadoras para poderem se adequar&quot;, lembrou a executiva.<\/span><\/p>\n","protected":false},"excerpt":{"rendered":"<p>Com sala cheia na Cinemateca Brasileira em S&atilde;o Paulo, a Ancine realizou nesta segunda, 13, sua segunda audi&ecirc;ncia p&uacute;blica sobre duas Instru&ccedil;&otilde;es Normativas que regulamentam a Lei 12.485\/2011, que cria o Servi&ccedil;o de Acesso Condicionado (SeAC). Embora o n&uacute;mero de pessoas presentes, bem como o de inscritos para se manifestar, tenha sido muito maior que &hellip; <a href=\"https:\/\/obscom.intervozes.org.br\/?p=26624\" class=\"more-link\">Continue lendo <span class=\"screen-reader-text\">Defini\u00e7\u00e3o de empresa controlada volta \u00e0 pauta em nova audi\u00eancia p\u00fablica da Ancine<\/span> <span class=\"meta-nav\">&rarr;<\/span><\/a><\/p>\n","protected":false},"author":1,"featured_media":0,"comment_status":"open","ping_status":"open","sticky":false,"template":"","format":"standard","meta":{"footnotes":""},"categories":[40],"tags":[148],"_links":{"self":[{"href":"https:\/\/obscom.intervozes.org.br\/index.php?rest_route=\/wp\/v2\/posts\/26624"}],"collection":[{"href":"https:\/\/obscom.intervozes.org.br\/index.php?rest_route=\/wp\/v2\/posts"}],"about":[{"href":"https:\/\/obscom.intervozes.org.br\/index.php?rest_route=\/wp\/v2\/types\/post"}],"author":[{"embeddable":true,"href":"https:\/\/obscom.intervozes.org.br\/index.php?rest_route=\/wp\/v2\/users\/1"}],"replies":[{"embeddable":true,"href":"https:\/\/obscom.intervozes.org.br\/index.php?rest_route=%2Fwp%2Fv2%2Fcomments&post=26624"}],"version-history":[{"count":0,"href":"https:\/\/obscom.intervozes.org.br\/index.php?rest_route=\/wp\/v2\/posts\/26624\/revisions"}],"wp:attachment":[{"href":"https:\/\/obscom.intervozes.org.br\/index.php?rest_route=%2Fwp%2Fv2%2Fmedia&parent=26624"}],"wp:term":[{"taxonomy":"category","embeddable":true,"href":"https:\/\/obscom.intervozes.org.br\/index.php?rest_route=%2Fwp%2Fv2%2Fcategories&post=26624"},{"taxonomy":"post_tag","embeddable":true,"href":"https:\/\/obscom.intervozes.org.br\/index.php?rest_route=%2Fwp%2Fv2%2Ftags&post=26624"}],"curies":[{"name":"wp","href":"https:\/\/api.w.org\/{rel}","templated":true}]}}