{"id":26603,"date":"2012-02-07T15:21:03","date_gmt":"2012-02-07T15:21:03","guid":{"rendered":"https:\/\/obscom.intervozes.org.br\/wordpress\/?p=26603"},"modified":"2012-02-07T15:21:03","modified_gmt":"2012-02-07T15:21:03","slug":"tvs-publicas-pedem-multiprogramacao-mobilidade-e-interatividade-no-seac","status":"publish","type":"post","link":"https:\/\/obscom.intervozes.org.br\/?p=26603","title":{"rendered":"TVs p\u00fablicas pedem multiprograma\u00e7\u00e3o, mobilidade e interatividade no SeAC"},"content":{"rendered":"<p><span class=\"padrao\">Em uma contribui&ccedil;&atilde;o conjunta feita por escrito &agrave; consulta p&uacute;blica da proposta de Regulamento do Servi&ccedil;o de Acesso Condicionado (SeAC) da Anatel, EBC (empresa respons&aacute;vel pela TV Brasil), TV C&acirc;mara e TV Senado voltam a defender aquilo que j&aacute; havia sido manifestado pela TV Brasil em audi&ecirc;ncia: a necessidade de o &oacute;rg&atilde;o regulador garantir o carregamento dos canais p&uacute;blicos pelas operadoras de TV paga tamb&eacute;m em caso de multiprograma&ccedil;&atilde;o. <\/p>\n<p>Mas a contribui&ccedil;&atilde;o das tr&ecirc;s emissoras p&uacute;blicas vai mais longe: elas querem a garantia de que o sinal seja carregado na forma como &eacute; transmitido na modalidade aberta. Ou seja, em alta defini&ccedil;&atilde;o, quando for o caso, ou na forma de m&uacute;ltiplos canais de defini&ccedil;&atilde;o padr&atilde;o quando a transmiss&atilde;o for multiprogramada, quando um mesmo canal de 6 MHz leva v&aacute;rios canais digitais. A regulamenta&ccedil;&atilde;o proposta repete a lei, em que a operadora de TV paga s&oacute; &eacute; obrigada a levar o sinal anal&oacute;gico ou o digital em defini&ccedil;&atilde;o padr&atilde;o, a crit&eacute;rio da emissora de TV.<\/p>\n<p>TV Brasil, TV C&acirc;mara e TV Senado querem ainda que as defini&ccedil;&otilde;es da regulamenta&ccedil;&atilde;o enquadrem as emissoras p&uacute;blicas como geradoras de TV tal como as comerciais, para todos os fins. Com isso, em locais em que as emissoras p&uacute;blicas tiverem geradoras abertas, elas seriam distribu&iacute;das independentemente do carregamento j&aacute; previsto na qualidade de canais p&uacute;blicos. Com isso, entendem que fica assegurada a retransmiss&atilde;o na TV paga de eventuais conte&uacute;dos locais.<\/p>\n<p>Al&eacute;m disso, as emissoras p&uacute;blicas levantam a quest&atilde;o da interatividade e da acessibilidade, solicitando &agrave; Anatel que assegure no regulamento que eventuais conte&uacute;dos interativos e que os recursos de acessibilidade dispon&iacute;veis nos canais abertos sejam integralmente respeitados pelas operadoras do SeAC que distribu&iacute;rem os sinais. E pedem ainda que o regulamento preveja, para o caso de operadoras do Servi&ccedil;o de Acesso Condicionado que utilizem radiofrequ&ecirc;ncias, a distribui&ccedil;&atilde;o do conte&uacute;do m&oacute;vel tamb&eacute;m poss&iacute;vel na forma aberta, ainda que a operadora de TV paga possa cobrar do assinante pela facilidade.<\/span><\/p>\n","protected":false},"excerpt":{"rendered":"<p>Em uma contribui&ccedil;&atilde;o conjunta feita por escrito &agrave; consulta p&uacute;blica da proposta de Regulamento do Servi&ccedil;o de Acesso Condicionado (SeAC) da Anatel, EBC (empresa respons&aacute;vel pela TV Brasil), TV C&acirc;mara e TV Senado voltam a defender aquilo que j&aacute; havia sido manifestado pela TV Brasil em audi&ecirc;ncia: a necessidade de o &oacute;rg&atilde;o regulador garantir o &hellip; <a href=\"https:\/\/obscom.intervozes.org.br\/?p=26603\" class=\"more-link\">Continue lendo <span class=\"screen-reader-text\">TVs p\u00fablicas pedem multiprograma\u00e7\u00e3o, mobilidade e interatividade no SeAC<\/span> <span class=\"meta-nav\">&rarr;<\/span><\/a><\/p>\n","protected":false},"author":1,"featured_media":0,"comment_status":"open","ping_status":"open","sticky":false,"template":"","format":"standard","meta":{"footnotes":""},"categories":[40],"tags":[1637],"_links":{"self":[{"href":"https:\/\/obscom.intervozes.org.br\/index.php?rest_route=\/wp\/v2\/posts\/26603"}],"collection":[{"href":"https:\/\/obscom.intervozes.org.br\/index.php?rest_route=\/wp\/v2\/posts"}],"about":[{"href":"https:\/\/obscom.intervozes.org.br\/index.php?rest_route=\/wp\/v2\/types\/post"}],"author":[{"embeddable":true,"href":"https:\/\/obscom.intervozes.org.br\/index.php?rest_route=\/wp\/v2\/users\/1"}],"replies":[{"embeddable":true,"href":"https:\/\/obscom.intervozes.org.br\/index.php?rest_route=%2Fwp%2Fv2%2Fcomments&post=26603"}],"version-history":[{"count":0,"href":"https:\/\/obscom.intervozes.org.br\/index.php?rest_route=\/wp\/v2\/posts\/26603\/revisions"}],"wp:attachment":[{"href":"https:\/\/obscom.intervozes.org.br\/index.php?rest_route=%2Fwp%2Fv2%2Fmedia&parent=26603"}],"wp:term":[{"taxonomy":"category","embeddable":true,"href":"https:\/\/obscom.intervozes.org.br\/index.php?rest_route=%2Fwp%2Fv2%2Fcategories&post=26603"},{"taxonomy":"post_tag","embeddable":true,"href":"https:\/\/obscom.intervozes.org.br\/index.php?rest_route=%2Fwp%2Fv2%2Ftags&post=26603"}],"curies":[{"name":"wp","href":"https:\/\/api.w.org\/{rel}","templated":true}]}}