{"id":26599,"date":"2012-02-06T18:15:24","date_gmt":"2012-02-06T18:15:24","guid":{"rendered":"https:\/\/obscom.intervozes.org.br\/wordpress\/?p=26599"},"modified":"2012-02-06T18:15:24","modified_gmt":"2012-02-06T18:15:24","slug":"lei-da-midia-mencao-vaga-em-mensagem-de-dilma-ao-congresso","status":"publish","type":"post","link":"https:\/\/obscom.intervozes.org.br\/?p=26599","title":{"rendered":"Lei da m\u00eddia: men\u00e7\u00e3o vaga em mensagem de Dilma ao Congresso"},"content":{"rendered":"<p><span class=\"padrao\">Assunto por enquanto secund&aacute;rio para Dilma Rousseff, a proposta de um novo marco regulat&oacute;rio para emissoras de r&aacute;dio e TV e empresas de telecomunica&ccedil;&otilde;es aparece de forma vaga e gen&eacute;rica na mensagem que a presidenta mandou ao Congresso nesta quinta-feira (2), com as prioridades do governo para 2012.<\/p>\n<p>O tema tem s&oacute; uma men&ccedil;&atilde;o no documento de 472 p&aacute;ginas (72 comp&otilde;em um anexo exclusivo do Conselho Nacional do Minist&eacute;rio P&uacute;blico), das quais seis dedicadas &agrave; &aacute;rea de comunica&ccedil;&otilde;es. &ldquo;Pretende-se revisar o regulamento de radiodifus&atilde;o comunit&aacute;ria e prosseguir com as a&ccedil;&otilde;es voltadas &agrave; atualiza&ccedil;&atilde;o do marco legal das comunica&ccedil;&otilde;es eletr&ocirc;nicas&rdquo;, afirma o texto &agrave; pagina 299.<\/p>\n<p>A mensagem n&atilde;o fala em prazo para a conclus&atilde;o das &ldquo;a&ccedil;&otilde;es voltadas &agrave; atualiza&ccedil;&atilde;o&rdquo;, nem diz que o governo enviar&aacute; ao Congresso uma proposta.<\/p>\n<p>Em novembro de 2010, ainda na administra&ccedil;&atilde;o Lula, o governo promoveu um Semin&aacute;rio Internacional das Comunica&ccedil;&otilde;es Eletr&ocirc;nicas e Converg&ecirc;ncia de M&iacute;dias, &uacute;ltima etapa de processo que resultou em proposta de novo marco regulat&oacute;rio para emissoras de r&aacute;dio e TV (o atual &eacute; de 1962) deixada para a gest&atilde;o Dilma.<\/p>\n<p>Em 2011, o minist&eacute;rio das Comunica&ccedil;&otilde;es ampliou o escopo da atualiza&ccedil;&atilde;o, para alcan&ccedil;ar tamb&eacute;m a Lei Geral de Telecomunica&ccedil;&otilde;es, de 1997. Hoje, o projeto est&aacute; parado. O ministro Paulo Bernardo, que pretende colocar o assunto em consulta p&uacute;blica, j&aacute; recebeu da equipe uma proposta. Mas a autoriza&ccedil;&atilde;o para a consulta ser feita depende de Dilma.<\/p>\n<p>Um ministro disse &agrave; reportagem que o assunto n&atilde;o faz parte da agenda atual da presidenta, que n&atilde;o cobra Bernardo. O que n&atilde;o significa, segundo este mesmo ministro, que Dilma n&atilde;o possa encampar o tema a qualquer momento.<\/p>\n<p><strong>Banda larga<br \/><\/strong><br \/>Na mensagem enviada ao Congresso, o governo diz ainda que &ldquo;encontra-se em fase de conclus&atilde;o&rdquo; a cria&ccedil;&atilde;o de um regime tribut&aacute;rio especial para empresas de telecomunica&ccedil;&otilde;es a fim de &ldquo;acelerar a implanta&ccedil;&atilde;o da infra-estrutura necess&aacute;ria&rdquo; do Plano Nacional de Banda Larga (PNBL).<\/p>\n<p>Haver&aacute;, segundo o documento, um corte de R$ 10 bilh&otilde;es em impostos, para que as empresas invistam na expans&atilde;o da rede da banda larga no pa&iacute;s. Essa rede vai permitir que, at&eacute; o fim do governo Dilma, 4.283 munic&iacute;pios tenham acesso ao servi&ccedil;o.<\/p>\n<p>Para atender os outros 1,282, que s&atilde;o mais distantes e isolados, o governo decidiu usar um sat&eacute;lite. A constru&ccedil;&atilde;o deve deve come&ccedil;ar este ano e ficar pronta em 2014, a tempo de iniciar as opera&ccedil;&otilde;es ainda no governo Dilma.<\/span><\/p>\n","protected":false},"excerpt":{"rendered":"<p>Assunto por enquanto secund&aacute;rio para Dilma Rousseff, a proposta de um novo marco regulat&oacute;rio para emissoras de r&aacute;dio e TV e empresas de telecomunica&ccedil;&otilde;es aparece de forma vaga e gen&eacute;rica na mensagem que a presidenta mandou ao Congresso nesta quinta-feira (2), com as prioridades do governo para 2012. O tema tem s&oacute; uma men&ccedil;&atilde;o no &hellip; <a href=\"https:\/\/obscom.intervozes.org.br\/?p=26599\" class=\"more-link\">Continue lendo <span class=\"screen-reader-text\">Lei da m\u00eddia: men\u00e7\u00e3o vaga em mensagem de Dilma ao Congresso<\/span> <span class=\"meta-nav\">&rarr;<\/span><\/a><\/p>\n","protected":false},"author":1,"featured_media":0,"comment_status":"open","ping_status":"open","sticky":false,"template":"","format":"standard","meta":{"footnotes":""},"categories":[40],"tags":[366],"_links":{"self":[{"href":"https:\/\/obscom.intervozes.org.br\/index.php?rest_route=\/wp\/v2\/posts\/26599"}],"collection":[{"href":"https:\/\/obscom.intervozes.org.br\/index.php?rest_route=\/wp\/v2\/posts"}],"about":[{"href":"https:\/\/obscom.intervozes.org.br\/index.php?rest_route=\/wp\/v2\/types\/post"}],"author":[{"embeddable":true,"href":"https:\/\/obscom.intervozes.org.br\/index.php?rest_route=\/wp\/v2\/users\/1"}],"replies":[{"embeddable":true,"href":"https:\/\/obscom.intervozes.org.br\/index.php?rest_route=%2Fwp%2Fv2%2Fcomments&post=26599"}],"version-history":[{"count":0,"href":"https:\/\/obscom.intervozes.org.br\/index.php?rest_route=\/wp\/v2\/posts\/26599\/revisions"}],"wp:attachment":[{"href":"https:\/\/obscom.intervozes.org.br\/index.php?rest_route=%2Fwp%2Fv2%2Fmedia&parent=26599"}],"wp:term":[{"taxonomy":"category","embeddable":true,"href":"https:\/\/obscom.intervozes.org.br\/index.php?rest_route=%2Fwp%2Fv2%2Fcategories&post=26599"},{"taxonomy":"post_tag","embeddable":true,"href":"https:\/\/obscom.intervozes.org.br\/index.php?rest_route=%2Fwp%2Fv2%2Ftags&post=26599"}],"curies":[{"name":"wp","href":"https:\/\/api.w.org\/{rel}","templated":true}]}}