{"id":26595,"date":"2012-02-06T17:23:54","date_gmt":"2012-02-06T17:23:54","guid":{"rendered":"https:\/\/obscom.intervozes.org.br\/wordpress\/?p=26595"},"modified":"2012-02-06T17:23:54","modified_gmt":"2012-02-06T17:23:54","slug":"diferenca-entre-seac-e-servicos-de-internet-surge-como-divergencia-em-consulta-da-anatel","status":"publish","type":"post","link":"https:\/\/obscom.intervozes.org.br\/?p=26595","title":{"rendered":"Diferen\u00e7a entre SeAC e servi\u00e7os de Internet surge como diverg\u00eancia em consulta da Anatel"},"content":{"rendered":"<p><span class=\"padrao\">Uma das discuss&otilde;es mais complicadas a serem enfrentadas pela Anatel na an&aacute;lise da regulamenta&ccedil;&atilde;o do Servi&ccedil;o de Acesso Condicionado (SeAC) diz respeito aos servi&ccedil;os de valor adicionado prestados por provedores de Internet e por empresas de telefonia m&oacute;vel e &agrave; forma como eles ser&atilde;o enquadrados diante da nova regulamenta&ccedil;&atilde;o. <\/p>\n<p>Esse &eacute; um dos pontos mais discutidos nas contribui&ccedil;&otilde;es colocadas &agrave; consulta p&uacute;blica do regulamento, cujo prazo para coment&aacute;rios se encerrou nesta sexta, dia 3. A discuss&atilde;o n&atilde;o &eacute; nova e j&aacute; foi levantada em algumas ocasi&otilde;es desde a tramita&ccedil;&atilde;o da Lei 12.485\/2011 no Congresso, mas agora chegou a um ponto em que precisa de uma defini&ccedil;&atilde;o. Isso porque, da forma como o SeAC foi definido, um servi&ccedil;o de v&iacute;deo provido por um portal ou por uma empresa de celular, que implique cobran&ccedil;a de assinatura peri&oacute;dica do assinante, pode ser enquadrado como SeAC, o que implicaria a necessidade de licen&ccedil;a espec&iacute;fica, al&eacute;m de uma s&eacute;rie de obriga&ccedil;&otilde;es inerente aos servi&ccedil;os.<\/p>\n<p>Na audi&ecirc;ncia p&uacute;blica sobre o tema realizada no final de janeiro, a Anatel foi questionada sobre esse aspecto pelo SindiTelebrasil e respondeu, de maneira pouco espec&iacute;fica, que tamb&eacute;m caberia aos servi&ccedil;os de valor adicionado n&atilde;o se caracterizarem como SeAC.<\/p>\n<p>Agora, nas contribui&ccedil;&otilde;es, empresas como UOL, Telef&ocirc;nica, Claro, SindiTelebrasil, o advogado Floriano Marques entre outros pedem para que a Anatel, de alguma forma, salvaguarde os servi&ccedil;os de valor adicionado prestados por provedores de informa&ccedil;&atilde;o e por empresas de Servi&ccedil;os de Comunica&ccedil;&atilde;o Multim&iacute;dia (SCM) e Servi&ccedil;o M&oacute;vel Pessoal (SMP).<\/p>\n<p>De outro lado, o Coletivo Intervozes, por exemplo, quer que a Anatel tenha mecanismos para enquadrar como SeAC qualquer empresa que tente prestar o servi&ccedil;o de maneira velada como Servi&ccedil;o de Acesso Condicionado. E contribui&ccedil;&otilde;es de Globo, Record e Abert tamb&eacute;m sugerem deixar claro que a intera&ccedil;&atilde;o, mesmo que por Internet, com conte&uacute;dos seja caracterizada como SeAC, o que de alguma maneira &eacute; uma forma de evitar que servi&ccedil;os similares ao SeAC trafeguem pela Internet na forma de servi&ccedil;os de valor adicionado.<\/span><\/p>\n","protected":false},"excerpt":{"rendered":"<p>Uma das discuss&otilde;es mais complicadas a serem enfrentadas pela Anatel na an&aacute;lise da regulamenta&ccedil;&atilde;o do Servi&ccedil;o de Acesso Condicionado (SeAC) diz respeito aos servi&ccedil;os de valor adicionado prestados por provedores de Internet e por empresas de telefonia m&oacute;vel e &agrave; forma como eles ser&atilde;o enquadrados diante da nova regulamenta&ccedil;&atilde;o. Esse &eacute; um dos pontos mais &hellip; <a href=\"https:\/\/obscom.intervozes.org.br\/?p=26595\" class=\"more-link\">Continue lendo <span class=\"screen-reader-text\">Diferen\u00e7a entre SeAC e servi\u00e7os de Internet surge como diverg\u00eancia em consulta da Anatel<\/span> <span class=\"meta-nav\">&rarr;<\/span><\/a><\/p>\n","protected":false},"author":1,"featured_media":0,"comment_status":"open","ping_status":"open","sticky":false,"template":"","format":"standard","meta":{"footnotes":""},"categories":[40],"tags":[1638],"_links":{"self":[{"href":"https:\/\/obscom.intervozes.org.br\/index.php?rest_route=\/wp\/v2\/posts\/26595"}],"collection":[{"href":"https:\/\/obscom.intervozes.org.br\/index.php?rest_route=\/wp\/v2\/posts"}],"about":[{"href":"https:\/\/obscom.intervozes.org.br\/index.php?rest_route=\/wp\/v2\/types\/post"}],"author":[{"embeddable":true,"href":"https:\/\/obscom.intervozes.org.br\/index.php?rest_route=\/wp\/v2\/users\/1"}],"replies":[{"embeddable":true,"href":"https:\/\/obscom.intervozes.org.br\/index.php?rest_route=%2Fwp%2Fv2%2Fcomments&post=26595"}],"version-history":[{"count":0,"href":"https:\/\/obscom.intervozes.org.br\/index.php?rest_route=\/wp\/v2\/posts\/26595\/revisions"}],"wp:attachment":[{"href":"https:\/\/obscom.intervozes.org.br\/index.php?rest_route=%2Fwp%2Fv2%2Fmedia&parent=26595"}],"wp:term":[{"taxonomy":"category","embeddable":true,"href":"https:\/\/obscom.intervozes.org.br\/index.php?rest_route=%2Fwp%2Fv2%2Fcategories&post=26595"},{"taxonomy":"post_tag","embeddable":true,"href":"https:\/\/obscom.intervozes.org.br\/index.php?rest_route=%2Fwp%2Fv2%2Ftags&post=26595"}],"curies":[{"name":"wp","href":"https:\/\/api.w.org\/{rel}","templated":true}]}}