{"id":26594,"date":"2012-02-06T17:05:44","date_gmt":"2012-02-06T17:05:44","guid":{"rendered":"https:\/\/obscom.intervozes.org.br\/wordpress\/?p=26594"},"modified":"2012-02-06T17:05:44","modified_gmt":"2012-02-06T17:05:44","slug":"ministerio-da-justica-pede-a-anatel-que-mantenha-metas-de-qualidade-da-banda-larga","status":"publish","type":"post","link":"https:\/\/obscom.intervozes.org.br\/?p=26594","title":{"rendered":"Minist\u00e9rio da Justi\u00e7a pede \u00e0 Anatel que mantenha metas de qualidade da banda larga"},"content":{"rendered":"<p><span class=\"padrao\">O Departamento de Prote&ccedil;&atilde;o e Defesa do Consumidor (DPDC), &oacute;rg&atilde;o da Secretaria de Direito Econ&ocirc;mico do Minist&eacute;rio da Justi&ccedil;a defende a fixa&ccedil;&atilde;o de metas de qualidade para o setor, lembrando que ele &eacute; respons&aacute;vel por aproximadamente um quarto do total de demandas dos consumidores apresentadas aos Procons. A nota t&eacute;cnica foi enviada &agrave; Anatel em fun&ccedil;&atilde;o do pedido que a empresa Oi fez para anular itens do Regulamento de Gest&atilde;o de Qualidade do Servi&ccedil;o de Comunica&ccedil;&atilde;o Multim&iacute;dia e Regulamento de Gest&atilde;o de Qualidade do Servi&ccedil;o M&oacute;vel Pessoal.<\/p>\n<p>&ldquo;Com o pedido de anula&ccedil;&atilde;o das metas, h&aacute; risco de retrocesso na qualidade dos servi&ccedil;os oferecidos ao consumidor&rdquo;, avalia Juliana Pereira, diretora do DPDC. Conforme dados do Sistema Nacional de Informa&ccedil;&otilde;es de Defesa do Consumidor (Sindec), o ramo de telecomunica&ccedil;&otilde;es registrou 22,9% das queixas em 2011. O documento enviado afirma ainda que a Anatel, ao disciplinar os servi&ccedil;os privados, viabiliza o cumprimento dos direitos dos consumidores e tem como objetivo garantir o aumento da qualidade dos servi&ccedil;os prestados.<\/p>\n<p>A Ag&ecirc;ncia abriu consulta p&uacute;blica entre 16 de janeiro e 1&ordm; de fevereiro, ap&oacute;s a Oi apresentar pedido de anula&ccedil;&atilde;o de diversos artigos dos regulamentos de qualidade da banda larga e da telefonia m&oacute;vel, aprovados em outubro do ano passado. Entre as metas, h&aacute; indicadores de atendimento ao consumidor, crit&eacute;rios de qualidade para as redes, incluindo par&acirc;metros m&iacute;nimos e m&eacute;dios de velocidade. A partir de 2012, as empresas com mais de 50 mil assinantes dever&atilde;o garantir a m&eacute;dia de 60% da velocidade contratada, subindo para 70% no segundo ano e 80% a partir do terceiro.<\/span><\/p>\n","protected":false},"excerpt":{"rendered":"<p>O Departamento de Prote&ccedil;&atilde;o e Defesa do Consumidor (DPDC), &oacute;rg&atilde;o da Secretaria de Direito Econ&ocirc;mico do Minist&eacute;rio da Justi&ccedil;a defende a fixa&ccedil;&atilde;o de metas de qualidade para o setor, lembrando que ele &eacute; respons&aacute;vel por aproximadamente um quarto do total de demandas dos consumidores apresentadas aos Procons. A nota t&eacute;cnica foi enviada &agrave; Anatel em &hellip; <a href=\"https:\/\/obscom.intervozes.org.br\/?p=26594\" class=\"more-link\">Continue lendo <span class=\"screen-reader-text\">Minist\u00e9rio da Justi\u00e7a pede \u00e0 Anatel que mantenha metas de qualidade da banda larga<\/span> <span class=\"meta-nav\">&rarr;<\/span><\/a><\/p>\n","protected":false},"author":1,"featured_media":0,"comment_status":"open","ping_status":"open","sticky":false,"template":"","format":"standard","meta":{"footnotes":""},"categories":[40],"tags":[150],"_links":{"self":[{"href":"https:\/\/obscom.intervozes.org.br\/index.php?rest_route=\/wp\/v2\/posts\/26594"}],"collection":[{"href":"https:\/\/obscom.intervozes.org.br\/index.php?rest_route=\/wp\/v2\/posts"}],"about":[{"href":"https:\/\/obscom.intervozes.org.br\/index.php?rest_route=\/wp\/v2\/types\/post"}],"author":[{"embeddable":true,"href":"https:\/\/obscom.intervozes.org.br\/index.php?rest_route=\/wp\/v2\/users\/1"}],"replies":[{"embeddable":true,"href":"https:\/\/obscom.intervozes.org.br\/index.php?rest_route=%2Fwp%2Fv2%2Fcomments&post=26594"}],"version-history":[{"count":0,"href":"https:\/\/obscom.intervozes.org.br\/index.php?rest_route=\/wp\/v2\/posts\/26594\/revisions"}],"wp:attachment":[{"href":"https:\/\/obscom.intervozes.org.br\/index.php?rest_route=%2Fwp%2Fv2%2Fmedia&parent=26594"}],"wp:term":[{"taxonomy":"category","embeddable":true,"href":"https:\/\/obscom.intervozes.org.br\/index.php?rest_route=%2Fwp%2Fv2%2Fcategories&post=26594"},{"taxonomy":"post_tag","embeddable":true,"href":"https:\/\/obscom.intervozes.org.br\/index.php?rest_route=%2Fwp%2Fv2%2Ftags&post=26594"}],"curies":[{"name":"wp","href":"https:\/\/api.w.org\/{rel}","templated":true}]}}