{"id":26575,"date":"2012-01-30T17:16:00","date_gmt":"2012-01-30T17:16:00","guid":{"rendered":"https:\/\/obscom.intervozes.org.br\/wordpress\/?p=26575"},"modified":"2012-01-30T17:16:00","modified_gmt":"2012-01-30T17:16:00","slug":"objetivo-do-livro-e-fortalecer-luta-pela-democratizacao-da-comunicacao","status":"publish","type":"post","link":"https:\/\/obscom.intervozes.org.br\/?p=26575","title":{"rendered":"Objetivo do livro \u00e9 fortalecer luta pela democratiza\u00e7\u00e3o da comunica\u00e7\u00e3o"},"content":{"rendered":"<p><span class=\"padrao\">Na &uacute;ltima sexta-feira (27), o assessor de comunica&ccedil;&atilde;o da CUT, Leonardo Severo, promoveu o pr&eacute;-lan&ccedil;amento de &ldquo;Latif&uacute;ndio Midiota: crime$, crise$ e trapa&ccedil;a$&rdquo; (Editora Papiro), R$ 20, durante o F&oacute;rum Social Tem&aacute;tico. O evento aconteceu no espa&ccedil;o Mundo do Trabalho, nas imedia&ccedil;&otilde;es da Usina do Gas&ocirc;metro, em Porto Alegre.<\/p>\n<p>&ldquo;O objetivo do livro &eacute; dar voz aos que n&atilde;o tem voz, visibilizar v&aacute;rios temas que continuam sendo solenemente ignorados pela m&iacute;dia ou inteiramente deformados. A ideia &eacute; fortalecer a luta pela democratiza&ccedil;&atilde;o e a mobiliza&ccedil;&atilde;o dos movimentos sociais por um novo marco regulat&oacute;rio&rdquo;, afirmou Severo.<\/p>\n<p>Lideran&ccedil;as da luta por um novo sistema de informa&ccedil;&atilde;o como Jo&atilde;o Brant, do coletivo Intervozes, Jos&eacute; Soter, da Rede Abra&ccedil;o, e Sally Burch, da ag&ecirc;ncia latinoamericana de informa&ccedil;&atilde;o do Equador estiveram presentes. Al&eacute;m de dirigentes da CUT: o secret&aacute;rio Geral, Quintino Severo, a secret&aacute;ria de Combate ao Racismo, Maria J&uacute;lia, o diretor executivo Rog&eacute;rio Pantoja, a secret&aacute;ria de Comunica&ccedil;&atilde;o, Rosane Bertotti, o secret&aacute;rio de Comunica&ccedil;&atilde;o da CUT-RS, Paulo Farias e o secret&aacute;rio de Organiza&ccedil;&atilde;o Sindical da CUT-RS, Claudir Nespollo, tamb&eacute;m compareceram.<\/p>\n<p>O livro de Leonardo Severo tamb&eacute;m inaugura o selo Bar&atilde;o de Itarar&eacute;. Presidente do Centro de Estudos de M&iacute;dia que leva o mesmo nome, o jornalista Altamiro Borges, afirma que o objetivo &eacute; ajudar a fortalecer a luta pela democratiza&ccedil;&atilde;o da comunica&ccedil;&atilde;o, a m&iacute;dia alternativa e ajudar no processo de forma&ccedil;&atilde;o. Al&eacute;m de aprofundar a reflex&atilde;o sobre o tema. &ldquo;J&aacute; na assembleia de constitui&ccedil;&atilde;o do Bar&atilde;o de Itarar&eacute;, em 2010, foi proposto pelo jornalista Rodrigo Vianna pensarmos como al&eacute;m de nossos blogs, coisas mais urgentes, on line, de respostas r&aacute;pidas, poder&iacute;amos ter tamb&eacute;m um esfor&ccedil;o de reflex&atilde;o mais profunda. E isso se d&aacute; em livro&rdquo;, explica.<\/p>\n<p>De acordo com o autor, a obra pretende ainda fazer com que as pessoas enxerguem com um olhar cr&iacute;tico e n&atilde;o mais passivo a informa&ccedil;&atilde;o que recebem da velha m&iacute;dia. &ldquo;Infelizmente, n&oacute;s temos uma Constitui&ccedil;&atilde;o que nos seus artigos 220 a 224 n&atilde;o foi regulamentada por conta de uma correla&ccedil;&atilde;o de for&ccedil;as bastante desfavor&aacute;vel aos movimentos sociais. Temos que estar cada vez mais atentos, unidos e mobilizados num di&aacute;logo permanente com a sociedade e governos progressistas para que tenhamos uma verdadeira liberdade na comunica&ccedil;&atilde;o&rdquo;, explica.<\/p>\n<p>O lan&ccedil;amento nacional acontece no dia 7 de fevereiro, das 18h30 &agrave;s 21h30, na Livraria Martins Fontes da Avenida Paulista.<\/p>\n<p><\/span><\/p>\n","protected":false},"excerpt":{"rendered":"<p>Na &uacute;ltima sexta-feira (27), o assessor de comunica&ccedil;&atilde;o da CUT, Leonardo Severo, promoveu o pr&eacute;-lan&ccedil;amento de &ldquo;Latif&uacute;ndio Midiota: crime$, crise$ e trapa&ccedil;a$&rdquo; (Editora Papiro), R$ 20, durante o F&oacute;rum Social Tem&aacute;tico. O evento aconteceu no espa&ccedil;o Mundo do Trabalho, nas imedia&ccedil;&otilde;es da Usina do Gas&ocirc;metro, em Porto Alegre. &ldquo;O objetivo do livro &eacute; dar voz &hellip; <a href=\"https:\/\/obscom.intervozes.org.br\/?p=26575\" class=\"more-link\">Continue lendo <span class=\"screen-reader-text\">Objetivo do livro \u00e9 fortalecer luta pela democratiza\u00e7\u00e3o da comunica\u00e7\u00e3o<\/span> <span class=\"meta-nav\">&rarr;<\/span><\/a><\/p>\n","protected":false},"author":1,"featured_media":0,"comment_status":"open","ping_status":"open","sticky":false,"template":"","format":"standard","meta":{"footnotes":""},"categories":[40],"tags":[1645],"_links":{"self":[{"href":"https:\/\/obscom.intervozes.org.br\/index.php?rest_route=\/wp\/v2\/posts\/26575"}],"collection":[{"href":"https:\/\/obscom.intervozes.org.br\/index.php?rest_route=\/wp\/v2\/posts"}],"about":[{"href":"https:\/\/obscom.intervozes.org.br\/index.php?rest_route=\/wp\/v2\/types\/post"}],"author":[{"embeddable":true,"href":"https:\/\/obscom.intervozes.org.br\/index.php?rest_route=\/wp\/v2\/users\/1"}],"replies":[{"embeddable":true,"href":"https:\/\/obscom.intervozes.org.br\/index.php?rest_route=%2Fwp%2Fv2%2Fcomments&post=26575"}],"version-history":[{"count":0,"href":"https:\/\/obscom.intervozes.org.br\/index.php?rest_route=\/wp\/v2\/posts\/26575\/revisions"}],"wp:attachment":[{"href":"https:\/\/obscom.intervozes.org.br\/index.php?rest_route=%2Fwp%2Fv2%2Fmedia&parent=26575"}],"wp:term":[{"taxonomy":"category","embeddable":true,"href":"https:\/\/obscom.intervozes.org.br\/index.php?rest_route=%2Fwp%2Fv2%2Fcategories&post=26575"},{"taxonomy":"post_tag","embeddable":true,"href":"https:\/\/obscom.intervozes.org.br\/index.php?rest_route=%2Fwp%2Fv2%2Ftags&post=26575"}],"curies":[{"name":"wp","href":"https:\/\/api.w.org\/{rel}","templated":true}]}}