{"id":26571,"date":"2012-01-27T17:04:57","date_gmt":"2012-01-27T17:04:57","guid":{"rendered":"https:\/\/obscom.intervozes.org.br\/wordpress\/?p=26571"},"modified":"2012-01-27T17:04:57","modified_gmt":"2012-01-27T17:04:57","slug":"democratizar-as-comunicacoes-rumo-a-um-outro-mundo-possivel","status":"publish","type":"post","link":"https:\/\/obscom.intervozes.org.br\/?p=26571","title":{"rendered":"Democratizar as comunica\u00e7\u00f5es: rumo a um outro mundo poss\u00edvel"},"content":{"rendered":"<p><span class=\"padrao\">A compreens&atilde;o de que a democratiza&ccedil;&atilde;o dos meios de comunica&ccedil;&atilde;o &eacute; essencial para a constru&ccedil;&atilde;o da democracia social foi a t&ocirc;nica do debate Resist&ecirc;ncia &agrave; crise, novos meios e alternativas de comunica&ccedil;&atilde;o, que ocorreu durante o F&oacute;rum Social Tem&aacute;tico 2012, em Porto Alegre-RS. Realizado a partir da parceria entre Centro de Estudos da M&iacute;dia Alternativa Bar&atilde;o de Itarar&eacute;, Ag&ecirc;ncia Latinoamericana de Informa&ccedil;&atilde;o &ndash; Alai e Associa&ccedil;&atilde;o Latinoamericana de Educa&ccedil;&atilde;o Radiof&ocirc;nica &ndash; Aler, o encontro discutiu o papel da comunica&ccedil;&atilde;o no atual cen&aacute;rio de crise capitalista. No encontro, estiveram presentes a coordenadora geral do F&oacute;rum Nacional pela Democratiza&ccedil;&atilde;o da Comunica&ccedil;&atilde;o, Rosane Bertotti, Osvaldo Le&oacute;n, representando a Alai, e Judith Gerbaldo, da Aler. A media&ccedil;&atilde;o ficou por conta de Renata Mielli, do Bar&atilde;o de Itarar&eacute;.<\/p>\n<p>Rosane iniciou o debate destacando a import&acirc;ncia do FNDC como articulador na democratiza&ccedil;&atilde;o dos meios de comunica&ccedil;&atilde;o e assinalou como essencial a discuss&atilde;o do tema em sua dimens&atilde;o p&uacute;blica. No contexto das revolu&ccedil;&otilde;es articuladas por meio das redes sociais, a coordenadora ressaltou a import&acirc;ncia das m&iacute;dias e, mais do que isso, a necessidade de que haja democracia em sua distribui&ccedil;&atilde;o. &ldquo;N&atilde;o adianta falarmos do papel das novas m&iacute;dias se quem est&aacute; l&aacute; na ponta &ndash; na periferia, no campo &ndash; n&atilde;o tem acesso a elas&rdquo;, ponderou.<\/p>\n<p>O empoderamento dos agentes sociais por meio da comunica&ccedil;&atilde;o tamb&eacute;m est&aacute; no centro das discuss&otilde;es da Aler. &ldquo;N&oacute;s percebemos que t&iacute;nhamos que tratar a informa&ccedil;&atilde;o como um direito humano internacional&rdquo;, explicou Judith. Para ela, tornar a palavra p&uacute;blica &eacute; uma forma de legitimar os setores invisibilizados da sociedade, em grande parte ignorados pela grande m&iacute;dia. A Aler encara a comunica&ccedil;&atilde;o como um espa&ccedil;o que atravessa e constitui os momentos sociais, e que pode &ndash; e deve &ndash; partir de dentro deles, em vez de ser visto como algo externo.<\/p>\n<p>A integra&ccedil;&atilde;o entre os pa&iacute;ses da Am&eacute;rica Latina &ndash; um dos objetivos do evento &ndash; marcou a fala de Osvaldo. Ele afirma que h&aacute; iniciativas para democratizar os meios na regi&atilde;o, mas que falta interc&acirc;mbio entre elas. &ldquo;Temos que tomar coragem para abrir espa&ccedil;o e pressionar os governos nessa dire&ccedil;&atilde;o&rdquo;, declara. O encontro foi, por si s&oacute;, um passo a mais rumo a essa integra&ccedil;&atilde;o, no qual prevaleceu a troca de experi&ecirc;ncias entre representantes de diversos pa&iacute;ses, mirando um objetivo comum: um outro mundo poss&iacute;vel.<\/span><\/p>\n","protected":false},"excerpt":{"rendered":"<p>A compreens&atilde;o de que a democratiza&ccedil;&atilde;o dos meios de comunica&ccedil;&atilde;o &eacute; essencial para a constru&ccedil;&atilde;o da democracia social foi a t&ocirc;nica do debate Resist&ecirc;ncia &agrave; crise, novos meios e alternativas de comunica&ccedil;&atilde;o, que ocorreu durante o F&oacute;rum Social Tem&aacute;tico 2012, em Porto Alegre-RS. Realizado a partir da parceria entre Centro de Estudos da M&iacute;dia Alternativa &hellip; <a href=\"https:\/\/obscom.intervozes.org.br\/?p=26571\" class=\"more-link\">Continue lendo <span class=\"screen-reader-text\">Democratizar as comunica\u00e7\u00f5es: rumo a um outro mundo poss\u00edvel<\/span> <span class=\"meta-nav\">&rarr;<\/span><\/a><\/p>\n","protected":false},"author":1,"featured_media":0,"comment_status":"open","ping_status":"open","sticky":false,"template":"","format":"standard","meta":{"footnotes":""},"categories":[40],"tags":[1645],"_links":{"self":[{"href":"https:\/\/obscom.intervozes.org.br\/index.php?rest_route=\/wp\/v2\/posts\/26571"}],"collection":[{"href":"https:\/\/obscom.intervozes.org.br\/index.php?rest_route=\/wp\/v2\/posts"}],"about":[{"href":"https:\/\/obscom.intervozes.org.br\/index.php?rest_route=\/wp\/v2\/types\/post"}],"author":[{"embeddable":true,"href":"https:\/\/obscom.intervozes.org.br\/index.php?rest_route=\/wp\/v2\/users\/1"}],"replies":[{"embeddable":true,"href":"https:\/\/obscom.intervozes.org.br\/index.php?rest_route=%2Fwp%2Fv2%2Fcomments&post=26571"}],"version-history":[{"count":0,"href":"https:\/\/obscom.intervozes.org.br\/index.php?rest_route=\/wp\/v2\/posts\/26571\/revisions"}],"wp:attachment":[{"href":"https:\/\/obscom.intervozes.org.br\/index.php?rest_route=%2Fwp%2Fv2%2Fmedia&parent=26571"}],"wp:term":[{"taxonomy":"category","embeddable":true,"href":"https:\/\/obscom.intervozes.org.br\/index.php?rest_route=%2Fwp%2Fv2%2Fcategories&post=26571"},{"taxonomy":"post_tag","embeddable":true,"href":"https:\/\/obscom.intervozes.org.br\/index.php?rest_route=%2Fwp%2Fv2%2Ftags&post=26571"}],"curies":[{"name":"wp","href":"https:\/\/api.w.org\/{rel}","templated":true}]}}