{"id":26569,"date":"2012-01-27T16:58:41","date_gmt":"2012-01-27T16:58:41","guid":{"rendered":"https:\/\/obscom.intervozes.org.br\/wordpress\/?p=26569"},"modified":"2012-01-27T16:58:41","modified_gmt":"2012-01-27T16:58:41","slug":"minicom-quer-ampliar-formas-de-sustentacao-das-radios-comunitarias","status":"publish","type":"post","link":"https:\/\/obscom.intervozes.org.br\/?p=26569","title":{"rendered":"MiniCom quer ampliar formas de sustenta\u00e7\u00e3o das r\u00e1dios comunit\u00e1rias"},"content":{"rendered":"<p><span class=\"padrao\">Paulo Bernardo disse que mudan&ccedil;as ser&atilde;o apresentadas at&eacute; o final de mar&ccedil;o<\/p>\n<p>O Minist&eacute;rio das Comunica&ccedil;&otilde;es deve apresentar at&eacute; mar&ccedil;o altera&ccedil;&otilde;es no decreto que regulamenta as r&aacute;dios comunit&aacute;rias com o objetivo de ampliar as formas de sustenta&ccedil;&atilde;o dessas emissoras. O ministro Paulo Bernardo, que nesta quinta-feira (26) participou do programa &ldquo;Bom Dia, Ministro&rdquo;, da EBC Servi&ccedil;os, disse que h&aacute; muitas restri&ccedil;&otilde;es ao financiamento para as r&aacute;dios comunit&aacute;rias que podem ser amenizadas, como a amplia&ccedil;&atilde;o de patroc&iacute;nios institucionais, mas n&atilde;o h&aacute; possibilidade de que sejam autorizadas a veicular publicidade.<\/p>\n<p>Bernardo negou que haja persegui&ccedil;&atilde;o dessas emissoras por parte do governo. Pelo contr&aacute;rio, afirmou que tem ampliado a oferta de habilita&ccedil;&otilde;es e que o objetivo do MiniCom &eacute; levar pelo menos uma r&aacute;dio comunit&aacute;ria a todos os munic&iacute;pios do pa&iacute;s. &ldquo;Em 2011, abrimos habilita&ccedil;&atilde;o em 450 cidades e devemos repetir a oferta este ano, porque reconhecemos o importante servi&ccedil;o prestado &agrave; comunidade onde atua cada emissora&rdquo;, disse.<\/p>\n<p>O ministro ressalta que h&aacute; uma enorme briga entre emissoras comerciais e comunit&aacute;rias. &ldquo;As r&aacute;dios comerciais denunciam constantemente as comunit&aacute;rias, alegando que est&atilde;o utilizando pot&ecirc;ncia maior do que a permitida ou que est&atilde;o funcionando sem autoriza&ccedil;&atilde;o e isso tem que ser fiscalizado. As comunit&aacute;rias n&atilde;o podem descumprir a lei&rdquo;, justificou.<\/span><\/p>\n","protected":false},"excerpt":{"rendered":"<p>Paulo Bernardo disse que mudan&ccedil;as ser&atilde;o apresentadas at&eacute; o final de mar&ccedil;o O Minist&eacute;rio das Comunica&ccedil;&otilde;es deve apresentar at&eacute; mar&ccedil;o altera&ccedil;&otilde;es no decreto que regulamenta as r&aacute;dios comunit&aacute;rias com o objetivo de ampliar as formas de sustenta&ccedil;&atilde;o dessas emissoras. O ministro Paulo Bernardo, que nesta quinta-feira (26) participou do programa &ldquo;Bom Dia, Ministro&rdquo;, da EBC &hellip; <a href=\"https:\/\/obscom.intervozes.org.br\/?p=26569\" class=\"more-link\">Continue lendo <span class=\"screen-reader-text\">MiniCom quer ampliar formas de sustenta\u00e7\u00e3o das r\u00e1dios comunit\u00e1rias<\/span> <span class=\"meta-nav\">&rarr;<\/span><\/a><\/p>\n","protected":false},"author":1,"featured_media":0,"comment_status":"open","ping_status":"open","sticky":false,"template":"","format":"standard","meta":{"footnotes":""},"categories":[40],"tags":[181],"_links":{"self":[{"href":"https:\/\/obscom.intervozes.org.br\/index.php?rest_route=\/wp\/v2\/posts\/26569"}],"collection":[{"href":"https:\/\/obscom.intervozes.org.br\/index.php?rest_route=\/wp\/v2\/posts"}],"about":[{"href":"https:\/\/obscom.intervozes.org.br\/index.php?rest_route=\/wp\/v2\/types\/post"}],"author":[{"embeddable":true,"href":"https:\/\/obscom.intervozes.org.br\/index.php?rest_route=\/wp\/v2\/users\/1"}],"replies":[{"embeddable":true,"href":"https:\/\/obscom.intervozes.org.br\/index.php?rest_route=%2Fwp%2Fv2%2Fcomments&post=26569"}],"version-history":[{"count":0,"href":"https:\/\/obscom.intervozes.org.br\/index.php?rest_route=\/wp\/v2\/posts\/26569\/revisions"}],"wp:attachment":[{"href":"https:\/\/obscom.intervozes.org.br\/index.php?rest_route=%2Fwp%2Fv2%2Fmedia&parent=26569"}],"wp:term":[{"taxonomy":"category","embeddable":true,"href":"https:\/\/obscom.intervozes.org.br\/index.php?rest_route=%2Fwp%2Fv2%2Fcategories&post=26569"},{"taxonomy":"post_tag","embeddable":true,"href":"https:\/\/obscom.intervozes.org.br\/index.php?rest_route=%2Fwp%2Fv2%2Ftags&post=26569"}],"curies":[{"name":"wp","href":"https:\/\/api.w.org\/{rel}","templated":true}]}}