{"id":26567,"date":"2012-01-27T16:53:27","date_gmt":"2012-01-27T16:53:27","guid":{"rendered":"https:\/\/obscom.intervozes.org.br\/wordpress\/?p=26567"},"modified":"2012-01-27T16:53:27","modified_gmt":"2012-01-27T16:53:27","slug":"tv-por-assinatura-termo-para-exploracao-do-seac-vai-a-consulta-publica","status":"publish","type":"post","link":"https:\/\/obscom.intervozes.org.br\/?p=26567","title":{"rendered":"TV por Assinatura: Termo para explora\u00e7\u00e3o do SeAC vai \u00e0 consulta p\u00fablica"},"content":{"rendered":"<p><span class=\"padrao\">O Conselho Diretor da Anatel vai colocar por apenas 10 dias em consulta p&uacute;blica, o esbo&ccedil;o do Termo de Autoriza&ccedil;&atilde;o para Explora&ccedil;&atilde;o do Servi&ccedil;o de Acesso Condicionado (SeAC). Segundo o conselheiro Jarbas Valente, como o termo est&aacute; &quot;aderente&quot; ao Regulamento do SeAC, que tamb&eacute;m j&aacute; se encontra em consulta publica, o ideal &eacute; os dois documentos retornem juntos para a an&aacute;lise final da dire&ccedil;&atilde;o da ag&ecirc;ncia.<\/p>\n<p>O novo Servi&ccedil;o de Acesso Condicionado(SeAC), prev&ecirc;, por exemplo, que os decodificadores poder&atilde;o ser comprados independentemente da prestadora &#8211; que n&atilde;o poder&aacute; se negar a utiliz&aacute;-los para a recep&ccedil;&atilde;o dos sinais, preservada a compatibilidade t&eacute;cnica. Al&eacute;m disso, foi inserido um artigo para evitar a venda casada com outros servi&ccedil;os.<\/p>\n<p>&ldquo;O pre&ccedil;o relativo &agrave; oferta do Seac em separado n&atilde;o poder&aacute; exceder aquele relativo &agrave; Oferta Conjunta de menor pre&ccedil;o na qual as condi&ccedil;&otilde;es de frui&ccedil;&atilde;o do Seac sejam semelhantes &agrave;s previstas para o caso de sua oferta em separado.&rdquo; A ideia &eacute; que as operadoras n&atilde;o vendam o servi&ccedil;o isoladamente mais caro do que a soma de um pacote que tamb&eacute;m contemple outros servi&ccedil;os, como telefonia e Internet.<\/p>\n<p>O regulamento proposto, entretanto, n&atilde;o faz nenhuma refer&ecirc;ncia ao ponto extra, quest&atilde;o pol&ecirc;mica que j&aacute; provocou grande disputa entre operadoras e a ag&ecirc;ncia. A solu&ccedil;&atilde;o encontrada ainda deixa margem para eventual cobran&ccedil;a indireta.<\/span><\/p>\n","protected":false},"excerpt":{"rendered":"<p>O Conselho Diretor da Anatel vai colocar por apenas 10 dias em consulta p&uacute;blica, o esbo&ccedil;o do Termo de Autoriza&ccedil;&atilde;o para Explora&ccedil;&atilde;o do Servi&ccedil;o de Acesso Condicionado (SeAC). Segundo o conselheiro Jarbas Valente, como o termo est&aacute; &quot;aderente&quot; ao Regulamento do SeAC, que tamb&eacute;m j&aacute; se encontra em consulta publica, o ideal &eacute; os dois &hellip; <a href=\"https:\/\/obscom.intervozes.org.br\/?p=26567\" class=\"more-link\">Continue lendo <span class=\"screen-reader-text\">TV por Assinatura: Termo para explora\u00e7\u00e3o do SeAC vai \u00e0 consulta p\u00fablica<\/span> <span class=\"meta-nav\">&rarr;<\/span><\/a><\/p>\n","protected":false},"author":1,"featured_media":0,"comment_status":"open","ping_status":"open","sticky":false,"template":"","format":"standard","meta":{"footnotes":""},"categories":[40],"tags":[1638],"_links":{"self":[{"href":"https:\/\/obscom.intervozes.org.br\/index.php?rest_route=\/wp\/v2\/posts\/26567"}],"collection":[{"href":"https:\/\/obscom.intervozes.org.br\/index.php?rest_route=\/wp\/v2\/posts"}],"about":[{"href":"https:\/\/obscom.intervozes.org.br\/index.php?rest_route=\/wp\/v2\/types\/post"}],"author":[{"embeddable":true,"href":"https:\/\/obscom.intervozes.org.br\/index.php?rest_route=\/wp\/v2\/users\/1"}],"replies":[{"embeddable":true,"href":"https:\/\/obscom.intervozes.org.br\/index.php?rest_route=%2Fwp%2Fv2%2Fcomments&post=26567"}],"version-history":[{"count":0,"href":"https:\/\/obscom.intervozes.org.br\/index.php?rest_route=\/wp\/v2\/posts\/26567\/revisions"}],"wp:attachment":[{"href":"https:\/\/obscom.intervozes.org.br\/index.php?rest_route=%2Fwp%2Fv2%2Fmedia&parent=26567"}],"wp:term":[{"taxonomy":"category","embeddable":true,"href":"https:\/\/obscom.intervozes.org.br\/index.php?rest_route=%2Fwp%2Fv2%2Fcategories&post=26567"},{"taxonomy":"post_tag","embeddable":true,"href":"https:\/\/obscom.intervozes.org.br\/index.php?rest_route=%2Fwp%2Fv2%2Ftags&post=26567"}],"curies":[{"name":"wp","href":"https:\/\/api.w.org\/{rel}","templated":true}]}}