{"id":26566,"date":"2012-01-26T18:31:49","date_gmt":"2012-01-26T18:31:49","guid":{"rendered":"https:\/\/obscom.intervozes.org.br\/wordpress\/?p=26566"},"modified":"2012-01-26T18:31:49","modified_gmt":"2012-01-26T18:31:49","slug":"a-necessaria-mobilizacao-pelo-marco-regulatorio","status":"publish","type":"post","link":"https:\/\/obscom.intervozes.org.br\/?p=26566","title":{"rendered":"A necess\u00e1ria mobiliza\u00e7\u00e3o pelo marco regulat\u00f3rio"},"content":{"rendered":"<p class=\"padrao\">Desde o final da d&eacute;cada de 70, o Brasil discute a necessidade de modificar o marco regulat&oacute;rio das comunica&ccedil;&otilde;es. De l&aacute; pra c&aacute;, o poder dos meios de comunica&ccedil;&atilde;o ficou mais claro, a defasagem do C&oacute;digo Brasileiro de Telecomunica&ccedil;&otilde;es aumentou e a converg&ecirc;ncia de m&iacute;dias imp&ocirc;s novos desafios de regula&ccedil;&atilde;o. A &uacute;nica coisa que continuou igual foi a aus&ecirc;ncia de pluralismo e diversidade nos meios de comunica&ccedil;&atilde;o de massa. A realiza&ccedil;&atilde;o da I Confer&ecirc;ncia Nacional de Comunica&ccedil;&atilde;o, em 2009, preparou o terreno e pautou na agenda p&uacute;blica a necessidade de mudan&ccedil;a. O que aconteceu desde ent&atilde;o, contudo, deixa claro que a concretiza&ccedil;&atilde;o efetiva da transforma&ccedil;&atilde;o depende de uma ampla mobiliza&ccedil;&atilde;o da sociedade brasileira.<\/p>\n<p>&nbsp;<\/p>\n<p class=\"padrao\">Entre o final da Confecom e outubro de 2010, houve poucos sinais por parte do Executivo, que se pautava pela campanha presidencial. Imediatamente ap&oacute;s as elei&ccedil;&otilde;es, o Governo Federal p&ocirc;s em pr&aacute;tica duas a&ccedil;&otilde;es importantes: um semin&aacute;rio internacional que reuniu mais de uma dezena de experi&ecirc;ncias de outros pa&iacute;ses, e a forma&ccedil;&atilde;o de um grupo de trabalho que se reuniu nos &uacute;ltimos meses do governo Lula para construir uma proposta de anteprojeto de lei. Esse anteprojeto foi finalizado e entregue no in&iacute;cio de janeiro de 2011 ao ministro Paulo Bernardo. Desde ent&atilde;o, nenhuma a&ccedil;&atilde;o p&uacute;blica foi tomada.<\/p>\n<p class=\"padrao\">As not&iacute;cias dadas pelo pr&oacute;prio governo foram de que se estaria reestruturando o projeto desenhado pelo GT de Franklin Martins, que n&atilde;o contemplava a reforma da lei de telecomunica&ccedil;&otilde;es, e de que a consulta p&uacute;blica seria lan&ccedil;ada no segundo semestre do ano passado. Depois, a not&iacute;cia foi de que seria lan&ccedil;ada uma consulta s&oacute; com perguntas, sem um anteprojeto de lei, o que se configuraria na pr&aacute;tica como um retrocesso a um est&aacute;gio pr&eacute;-Confecom. Ao final, n&atilde;o houve qualquer consulta em 2011.<\/p>\n<p class=\"padrao\"><strong>S&oacute; na press&atilde;o<\/strong><\/p>\n<p class=\"padrao\">&Eacute; certo que, para ter chance de sucesso, o projeto deve partir de uma iniciativa do Minist&eacute;rio das Comunica&ccedil;&otilde;es. Contudo, neste cen&aacute;rio, &eacute; dif&iacute;cil acreditar que o minist&eacute;rio v&aacute; dar o primeiro passo sem forte press&atilde;o da sociedade civil. E para isso &eacute; preciso construir processos unit&aacute;rios, que fa&ccedil;am convergir as a&ccedil;&otilde;es de todos os setores que podem ser aliados nesta luta.<\/p>\n<p class=\"padrao\">O primeiro passo para isso j&aacute; foi dado na constru&ccedil;&atilde;o da plataforma para um novo marco regulat&oacute;rio das comunica&ccedil;&otilde;es, produzida por um conjunto de entidades da sociedade civil a partir dos resultados de um semin&aacute;rio promovido pelo FNDC em maio do ano passado no Rio de Janeiro. A plataforma de 20 pontos resume de maneira significativa os resultados da Confecom e combina a pauta hist&oacute;rica do movimento com a pauta da converg&ecirc;ncia de m&iacute;dias, olhando para o futuro.<\/p>\n<p class=\"padrao\">&Eacute; preciso, agora, avan&ccedil;ar na defini&ccedil;&atilde;o da estrat&eacute;gia de atua&ccedil;&atilde;o. A plataforma d&aacute; condi&ccedil;&atilde;o de construir unidade na a&ccedil;&atilde;o, mas para que essa unidade se d&ecirc; de fato &eacute; necess&aacute;ria uma postura agregadora, de forma a envolver o movimento em toda sua amplitude. O FNDC e as entidades que lideram esse processo devem buscar a uni&atilde;o de blogueiros, ativistas, sindicatos, movimentos sociais e partidos pol&iacute;ticos, e construir a&ccedil;&otilde;es conjuntas e campanhas de mobiliza&ccedil;&atilde;o da sociedade civil para pressionar o governo a agir.<\/p>\n<p class=\"padrao\">Neste momento, a luta essencial &eacute; pressionar que o Governo ponha o anteprojeto em consulta p&uacute;blica e estimule o debate sobre o tema. Enquanto o pr&oacute;prio Executivo se furtar de pautar o assunto, n&atilde;o &eacute; poss&iacute;vel pensar em avan&ccedil;os para a democratiza&ccedil;&atilde;o da comunica&ccedil;&atilde;o. Os objetivos da sociedade civil est&atilde;o claros na plataforma dos 20 pontos: defesa da liberdade de express&atilde;o para todos e do direito &agrave; comunica&ccedil;&atilde;o, contra toda a censura pr&eacute;via &ndash; estatal ou privada &ndash; e viola&ccedil;&otilde;es de direitos humanos, pelo pluralismo e pela diversidade. N&atilde;o h&aacute; por que temer o debate p&uacute;blico.<\/p>\n<p class=\"padrao\"><em>Jo&atilde;o Brant &eacute; membro da Coordena&ccedil;&atilde;o Executiva do FNDC pelo Intervozes &ndash; Coletivo Brasil de Comunica&ccedil;&atilde;o Social.<\/em><\/p>\n<p><em>&nbsp;<\/em><\/p>\n","protected":false},"excerpt":{"rendered":"<p>Neste momento, a luta essencial &eacute; pressionar que o Governo ponha o  anteprojeto em consulta p&uacute;blica e estimule o debate sobre o tema<\/p>\n","protected":false},"author":1,"featured_media":0,"comment_status":"open","ping_status":"open","sticky":false,"template":"","format":"standard","meta":{"footnotes":""},"categories":[42],"tags":[1643],"_links":{"self":[{"href":"https:\/\/obscom.intervozes.org.br\/index.php?rest_route=\/wp\/v2\/posts\/26566"}],"collection":[{"href":"https:\/\/obscom.intervozes.org.br\/index.php?rest_route=\/wp\/v2\/posts"}],"about":[{"href":"https:\/\/obscom.intervozes.org.br\/index.php?rest_route=\/wp\/v2\/types\/post"}],"author":[{"embeddable":true,"href":"https:\/\/obscom.intervozes.org.br\/index.php?rest_route=\/wp\/v2\/users\/1"}],"replies":[{"embeddable":true,"href":"https:\/\/obscom.intervozes.org.br\/index.php?rest_route=%2Fwp%2Fv2%2Fcomments&post=26566"}],"version-history":[{"count":0,"href":"https:\/\/obscom.intervozes.org.br\/index.php?rest_route=\/wp\/v2\/posts\/26566\/revisions"}],"wp:attachment":[{"href":"https:\/\/obscom.intervozes.org.br\/index.php?rest_route=%2Fwp%2Fv2%2Fmedia&parent=26566"}],"wp:term":[{"taxonomy":"category","embeddable":true,"href":"https:\/\/obscom.intervozes.org.br\/index.php?rest_route=%2Fwp%2Fv2%2Fcategories&post=26566"},{"taxonomy":"post_tag","embeddable":true,"href":"https:\/\/obscom.intervozes.org.br\/index.php?rest_route=%2Fwp%2Fv2%2Ftags&post=26566"}],"curies":[{"name":"wp","href":"https:\/\/api.w.org\/{rel}","templated":true}]}}