{"id":26564,"date":"2012-01-26T18:25:04","date_gmt":"2012-01-26T18:25:04","guid":{"rendered":"https:\/\/obscom.intervozes.org.br\/wordpress\/?p=26564"},"modified":"2012-01-26T18:25:04","modified_gmt":"2012-01-26T18:25:04","slug":"oi-e-anatel-disputam-na-justica-o-reajuste-da-ligacao-fixo-movel","status":"publish","type":"post","link":"https:\/\/obscom.intervozes.org.br\/?p=26564","title":{"rendered":"Oi e Anatel disputam na justi\u00e7a o reajuste da liga\u00e7\u00e3o fixo-m\u00f3vel"},"content":{"rendered":"<p><span class=\"padrao\">A Oi e a Anatel travam na justi&ccedil;a uma disputa que promete ser longa pelo reajuste das liga&ccedil;&otilde;es fixo\/m&oacute;vel anterior &agrave; redu&ccedil;&atilde;o anunciada hoje pela ag&ecirc;ncia. Esta disputa, que estava sendo travada desde dezembro do ano passado, quando a ag&ecirc;ncia concedeu apenas o reajuste da telefonia fixa, enquanto a Oi tamb&eacute;m reivindicava o reajuste do VC (liga&ccedil;&atilde;o fixo\/m&oacute;vel) foi parar nos tribunais, com brigas de liminares para os dois lados.<\/p>\n<p>A Oi entrou na justi&ccedil;a pedindo o reajuste no dia 10 de janeiro em nome de duas empreas &#8211; a Telemar e a Brasil Telecom. E alega que conseguiu liminar a seu favor para evitar que a nova portaria da Anatel, que reduz o valor da VC em 10,78% fosse aplicada retroativamente nos dois processos. S&oacute; que no processo da Telemar, o juiz Rafael Pereira Pinto concedeu 10 dias para a Anatel promover o reajuste e mandou suspender a validade da resolu&ccedil;&atilde;o com a redu&ccedil;&atilde;o dos valores da VC e VUM (anunciada hoje). Na outra decis&atilde;o,o juiz Gustavo Macedo concedeu apenas liminar para que ag&ecirc;ncia promovesse o reajuste, em um prazo maior, de 30 dias, sem contudo entrar no m&eacute;rito da nova decis&atilde;o da ag&ecirc;ncia reguladora.<\/p>\n<p>A Anatel, por sua vez, entende que somente precisava recorrer &agrave; decis&atilde;o do processo da Telemar, visto que na decis&atilde;o da BrT a Oi n&atilde;o teria conseguido a liminar em seu favor. Assim, a ag&ecirc;ncia conseguiu cassar a liminar da Oi ontem no Tribunal Regional Federal do Rio de Janeiro.<\/p>\n<p><strong>Argumentos<br \/><\/strong><br \/>A Oi argumenta que n&atilde;o &eacute; contra &agrave; queda da tarifa de liga&ccedil;&atilde;o fixo\/m&oacute;vel (VC), e nem contra a sua aplica&ccedil;&atilde;o em fevereiro de 2012.&quot;Apenas estamos pedindo que a Anatel, antes, conceda o reajuste de 2011. &Eacute; um direito adquirido&quot;, afirma fonte da empresa.<\/p>\n<p>O procurador da Anatel, Victor Cravo, no entanto, tem outras raz&otilde;es. Segundo ele, a Oi s&oacute; tem a &quot;expectativa de direito&quot; e n&atilde;o direito adquirido. &quot;Para o STF n&atilde;o existe direito adquirido &agrave;s regras do jogo&quot;, afirmou.<\/p>\n<p>A operadora assinala, por sua vez, que a Anatel teria que conceder o reajuste de 2,37% no VC de 2011 e depois aplicar o corte do novo regulamento do VC. &quot;Somos favor&aacute;veis ao regulamento j&aacute; em fevereiro de 2012. Apenas n&atilde;o podemos concordar com um precedente horr&iacute;vel para o setor, que ser&aacute; o n&atilde;o respeito ao contrato de concess&atilde;o e &agrave; LGT, n&atilde;o concedendo o reajuste devido no ano passado. N&atilde;o pode haver discricionariedade na concess&atilde;o de reajuste para recomposi&ccedil;&atilde;o inflacion&aacute;ria&quot;, completa a fonte.<\/p>\n<p>Para Cravo, no entanto, n&atilde;o h&aacute; o que o falar em quebra de contrato de concess&atilde;o. Pois o VC n&atilde;o est&aacute; sequer previsto no contrato das concession&aacute;rias (que s&oacute; inclui as tarifas da cesta b&aacute;sica da telefonia fixa). Al&eacute;m disso, ressalta: &quot;n&atilde;o h&aacute; desequil&iacute;brio econ&ocirc;mico-financeiro, pois o delta (ou a margem da Oi) continua o mesmo&quot;, completa.<\/p>\n<p>A disputa vai ser mantida nos tribunais, pois a Oi pretende recorrer em todas as inst&acirc;ncias, afirmando que a infla&ccedil;&atilde;o acumulada dos &uacute;ltimos dois anos foi mais de 10% e a empresa est&aacute; reivindicando 2,37%. O procurador, por sua vez, lembra que o consumidor &eacute; quem seria prejudicado com a tese da operadora privada. Novos rounds s&atilde;o esperados.<\/p>\n<p><\/span><\/p>\n","protected":false},"excerpt":{"rendered":"<p>A Oi e a Anatel travam na justi&ccedil;a uma disputa que promete ser longa pelo reajuste das liga&ccedil;&otilde;es fixo\/m&oacute;vel anterior &agrave; redu&ccedil;&atilde;o anunciada hoje pela ag&ecirc;ncia. Esta disputa, que estava sendo travada desde dezembro do ano passado, quando a ag&ecirc;ncia concedeu apenas o reajuste da telefonia fixa, enquanto a Oi tamb&eacute;m reivindicava o reajuste do &hellip; <a href=\"https:\/\/obscom.intervozes.org.br\/?p=26564\" class=\"more-link\">Continue lendo <span class=\"screen-reader-text\">Oi e Anatel disputam na justi\u00e7a o reajuste da liga\u00e7\u00e3o fixo-m\u00f3vel<\/span> <span class=\"meta-nav\">&rarr;<\/span><\/a><\/p>\n","protected":false},"author":1,"featured_media":0,"comment_status":"open","ping_status":"open","sticky":false,"template":"","format":"standard","meta":{"footnotes":""},"categories":[40],"tags":[81],"_links":{"self":[{"href":"https:\/\/obscom.intervozes.org.br\/index.php?rest_route=\/wp\/v2\/posts\/26564"}],"collection":[{"href":"https:\/\/obscom.intervozes.org.br\/index.php?rest_route=\/wp\/v2\/posts"}],"about":[{"href":"https:\/\/obscom.intervozes.org.br\/index.php?rest_route=\/wp\/v2\/types\/post"}],"author":[{"embeddable":true,"href":"https:\/\/obscom.intervozes.org.br\/index.php?rest_route=\/wp\/v2\/users\/1"}],"replies":[{"embeddable":true,"href":"https:\/\/obscom.intervozes.org.br\/index.php?rest_route=%2Fwp%2Fv2%2Fcomments&post=26564"}],"version-history":[{"count":0,"href":"https:\/\/obscom.intervozes.org.br\/index.php?rest_route=\/wp\/v2\/posts\/26564\/revisions"}],"wp:attachment":[{"href":"https:\/\/obscom.intervozes.org.br\/index.php?rest_route=%2Fwp%2Fv2%2Fmedia&parent=26564"}],"wp:term":[{"taxonomy":"category","embeddable":true,"href":"https:\/\/obscom.intervozes.org.br\/index.php?rest_route=%2Fwp%2Fv2%2Fcategories&post=26564"},{"taxonomy":"post_tag","embeddable":true,"href":"https:\/\/obscom.intervozes.org.br\/index.php?rest_route=%2Fwp%2Fv2%2Ftags&post=26564"}],"curies":[{"name":"wp","href":"https:\/\/api.w.org\/{rel}","templated":true}]}}