{"id":26563,"date":"2012-01-26T18:23:07","date_gmt":"2012-01-26T18:23:07","guid":{"rendered":"https:\/\/obscom.intervozes.org.br\/wordpress\/?p=26563"},"modified":"2012-01-26T18:23:07","modified_gmt":"2012-01-26T18:23:07","slug":"justica-da-10-dias-para-redetv-pagar-dividas-da-manchete","status":"publish","type":"post","link":"https:\/\/obscom.intervozes.org.br\/?p=26563","title":{"rendered":"Justi\u00e7a d\u00e1 10 dias para RedeTV! pagar d\u00edvidas da Manchete"},"content":{"rendered":"<p><span class=\"padrao\"><strong>Reda&ccedil;&atilde;o &#8211; Adnews<\/strong><\/p>\n<p>A RedeTV! foi responsabilizada pelo pagamento do FGTS (Fundo de Garantia do Tempo de Servi&ccedil;o) dos funcion&aacute;rios que trabalhavam para a antiga TV Manchete.<\/p>\n<p>A decis&atilde;o saiu da 28&ordf; Vara C&iacute;vel de S&atilde;o Paulo e foi publicada na &uacute;ltima quarta-feira, 25, de acordo com Lauro Jardim, colunista da Veja.<\/p>\n<p>A emissora de Marcelo de Carvalho e Amilcare Dallevo tem, segundo o despacho, 10 dias para regularizar a situa&ccedil;&atilde;o, &quot;sob pena de bloqueio de contas banc&aacute;rias ou diretamente junto aos anunciantes&quot;. O valor &eacute; estimado em cerca de R$ 100 milh&otilde;es.<\/p>\n<p>Procurada pela Veja, a RedeTV! afirmou que h&aacute; uma decis&atilde;o do STJ (Superior Tribunal de Justi&ccedil;a) j&aacute; transitada que pode reverter qualquer documento que a coloque como devedora em nome da Manchete.<\/span><\/p>\n","protected":false},"excerpt":{"rendered":"<p>Reda&ccedil;&atilde;o &#8211; Adnews A RedeTV! foi responsabilizada pelo pagamento do FGTS (Fundo de Garantia do Tempo de Servi&ccedil;o) dos funcion&aacute;rios que trabalhavam para a antiga TV Manchete. A decis&atilde;o saiu da 28&ordf; Vara C&iacute;vel de S&atilde;o Paulo e foi publicada na &uacute;ltima quarta-feira, 25, de acordo com Lauro Jardim, colunista da Veja. A emissora de &hellip; <a href=\"https:\/\/obscom.intervozes.org.br\/?p=26563\" class=\"more-link\">Continue lendo <span class=\"screen-reader-text\">Justi\u00e7a d\u00e1 10 dias para RedeTV! pagar d\u00edvidas da Manchete<\/span> <span class=\"meta-nav\">&rarr;<\/span><\/a><\/p>\n","protected":false},"author":1,"featured_media":0,"comment_status":"open","ping_status":"open","sticky":false,"template":"","format":"standard","meta":{"footnotes":""},"categories":[39],"tags":[],"_links":{"self":[{"href":"https:\/\/obscom.intervozes.org.br\/index.php?rest_route=\/wp\/v2\/posts\/26563"}],"collection":[{"href":"https:\/\/obscom.intervozes.org.br\/index.php?rest_route=\/wp\/v2\/posts"}],"about":[{"href":"https:\/\/obscom.intervozes.org.br\/index.php?rest_route=\/wp\/v2\/types\/post"}],"author":[{"embeddable":true,"href":"https:\/\/obscom.intervozes.org.br\/index.php?rest_route=\/wp\/v2\/users\/1"}],"replies":[{"embeddable":true,"href":"https:\/\/obscom.intervozes.org.br\/index.php?rest_route=%2Fwp%2Fv2%2Fcomments&post=26563"}],"version-history":[{"count":0,"href":"https:\/\/obscom.intervozes.org.br\/index.php?rest_route=\/wp\/v2\/posts\/26563\/revisions"}],"wp:attachment":[{"href":"https:\/\/obscom.intervozes.org.br\/index.php?rest_route=%2Fwp%2Fv2%2Fmedia&parent=26563"}],"wp:term":[{"taxonomy":"category","embeddable":true,"href":"https:\/\/obscom.intervozes.org.br\/index.php?rest_route=%2Fwp%2Fv2%2Fcategories&post=26563"},{"taxonomy":"post_tag","embeddable":true,"href":"https:\/\/obscom.intervozes.org.br\/index.php?rest_route=%2Fwp%2Fv2%2Ftags&post=26563"}],"curies":[{"name":"wp","href":"https:\/\/api.w.org\/{rel}","templated":true}]}}